{"id":72,"count":1,"description":"","link":"https:\/\/www.guzeldagtekstil.com.tr\/tr\/tag\/emprime-baski-ve-yesil-donusum","name":"emprime bask\u0131 ve ye\u015fil d\u00f6n\u00fc\u015f\u00fcm","slug":"emprime-baski-ve-yesil-donusum","taxonomy":"post_tag","meta":[],"_links":{"self":[{"href":"https:\/\/www.guzeldagtekstil.com.tr\/tr\/wp-json\/wp\/v2\/tags\/72"}],"collection":[{"href":"https:\/\/www.guzeldagtekstil.com.tr\/tr\/wp-json\/wp\/v2\/tags"}],"about":[{"href":"https:\/\/www.guzeldagtekstil.com.tr\/tr\/wp-json\/wp\/v2\/taxonomies\/post_tag"}],"wp:post_type":[{"href":"https:\/\/www.guzeldagtekstil.com.tr\/tr\/wp-json\/wp\/v2\/posts?tags=72"}],"curies":[{"name":"wp","href":"https:\/\/api.w.org\/{rel}","templated":true}]}}