{"id":268,"date":"2023-11-01T16:47:14","date_gmt":"2023-11-01T13:47:14","guid":{"rendered":"https:\/\/www.guzeldagtekstil.com.tr\/tr\/?p=268"},"modified":"2023-11-15T12:54:43","modified_gmt":"2023-11-15T09:54:43","slug":"emprime-ile-kumasta-renk-psikolojisi-ifade-ve-anlam-arayisi","status":"publish","type":"post","link":"https:\/\/www.guzeldagtekstil.com.tr\/tr\/emprime-ile-kumasta-renk-psikolojisi-ifade-ve-anlam-arayisi.html","title":{"rendered":"Emprime ile Kuma\u015fta Renk Psikolojisi: \u0130fade ve Anlam Aray\u0131\u015f\u0131"},"content":{"rendered":"\n<p>Emprime ile kuma\u015f tasar\u0131m\u0131, renklerin psikolojik etkilerini ve anlamlar\u0131n\u0131 ke\u015ffetme yolculu\u011funu temsil eder. Renkler, insanlar \u00fczerinde g\u00fc\u00e7l\u00fc ve derin duygusal tepkilere yol a\u00e7ar. Bir tasar\u0131mc\u0131 veya sanat\u00e7\u0131 olarak, bu psikolojik etkileri anlamak, tasar\u0131m\u0131n g\u00fcc\u00fcn\u00fc en \u00fcst d\u00fczeye \u00e7\u0131karmak ve izleyiciye daha derinlemesine bir deneyim sunmak i\u00e7in kritik \u00f6neme sahiptir.<\/p>\n\n\n\n<p>Her rengin kendine \u00f6zg\u00fc bir duygu veya anlam ta\u015f\u0131d\u0131\u011f\u0131 uzun bir renk psikolojisi ge\u00e7mi\u015fi bulunmaktad\u0131r. \u00d6rne\u011fin, mavi sakinlik, g\u00fcven ve huzur duygular\u0131n\u0131 yayar, k\u0131rm\u0131z\u0131 ise enerji, tutku ve heyecan\u0131 temsil eder. Emprime bask\u0131 ile kuma\u015f \u00fczerine do\u011fru renklerin se\u00e7ilmesi, tasar\u0131m\u0131n iletmek istedi\u011fi duygusal veya anlamsal mesaj\u0131 etkileyebilir. Bu, tasar\u0131m\u0131n amac\u0131na, hedef kitlesine ve kullan\u0131laca\u011f\u0131 ba\u011flama ba\u011fl\u0131 olarak dikkatle d\u00fc\u015f\u00fcn\u00fclmesi gereken bir s\u00fcre\u00e7tir.<\/p>\n\n\n\n<p>Renklerin psikolojisi, giyim tasar\u0131m\u0131ndan i\u00e7 dekorasyona kadar bir\u00e7ok alanda etkilidir. Do\u011fru renklerin kullan\u0131lmas\u0131, tasar\u0131m\u0131n daha fazla dikkat \u00e7ekmesini, anlaml\u0131 bir hikaye anlatmas\u0131n\u0131 ve insanlar\u0131n zihinsel ve duygusal olarak etkilenmesini sa\u011flayabilir. Renk se\u00e7imi, bir koleksiyonun veya i\u00e7 mekan\u0131n karakterini \u015fekillendirir ve izleyicilere ya da kullan\u0131c\u0131lara unutulmaz bir deneyim sunar.<\/p>\n\n\n\n<p>Sonu\u00e7 olarak, emprime ile kuma\u015fta renk psikolojisi, tasar\u0131m\u0131n derinli\u011fini ve etkisini art\u0131rmak i\u00e7in \u00f6nemlidir. Renklerin duygusal ve sembolik anlamlar\u0131, tasar\u0131m s\u00fcrecinin merkezine yerle\u015ftirilerek, izleyicilere veya kullan\u0131c\u0131lara daha zengin ve anlaml\u0131 bir deneyim sunmak m\u00fcmk\u00fcn hale gelir. Bu nedenle, renklerin psikolojik etkilerini anlamak ve tasar\u0131m s\u00fcre\u00e7lerinde do\u011fru bir \u015fekilde kullanmak, emprime bask\u0131 ile kuma\u015f tasar\u0131m\u0131nda duygusal ba\u011f kurman\u0131n ve anlam\u0131n pe\u015finde olan tasar\u0131mc\u0131lar i\u00e7in temel bir yetenek haline gelir.<\/p>\n","protected":false},"excerpt":{"rendered":"<p>Emprime ile kuma\u015f tasar\u0131m\u0131, renklerin psikolojik etkilerini ve anlamlar\u0131n\u0131 ke\u015ffetme yolculu\u011funu temsil eder. Renkler, insanlar \u00fczerinde g\u00fc\u00e7l\u00fc ve derin duygusal tepkilere yol a\u00e7ar. Bir tasar\u0131mc\u0131 veya sanat\u00e7\u0131 olarak, bu psikolojik etkileri anlamak, tasar\u0131m\u0131n g\u00fcc\u00fcn\u00fc en \u00fcst d\u00fczeye \u00e7\u0131karmak ve izleyiciye daha derinlemesine bir deneyim sunmak i\u00e7in kritik \u00f6neme sahiptir. Her rengin kendine \u00f6zg\u00fc bir duygu [&hellip;]<\/p>\n","protected":false},"author":1,"featured_media":269,"comment_status":"closed","ping_status":"closed","sticky":false,"template":"","format":"standard","meta":{"footnotes":""},"categories":[7],"tags":[18,59],"_links":{"self":[{"href":"https:\/\/www.guzeldagtekstil.com.tr\/tr\/wp-json\/wp\/v2\/posts\/268"}],"collection":[{"href":"https:\/\/www.guzeldagtekstil.com.tr\/tr\/wp-json\/wp\/v2\/posts"}],"about":[{"href":"https:\/\/www.guzeldagtekstil.com.tr\/tr\/wp-json\/wp\/v2\/types\/post"}],"author":[{"embeddable":true,"href":"https:\/\/www.guzeldagtekstil.com.tr\/tr\/wp-json\/wp\/v2\/users\/1"}],"replies":[{"embeddable":true,"href":"https:\/\/www.guzeldagtekstil.com.tr\/tr\/wp-json\/wp\/v2\/comments?post=268"}],"version-history":[{"count":1,"href":"https:\/\/www.guzeldagtekstil.com.tr\/tr\/wp-json\/wp\/v2\/posts\/268\/revisions"}],"predecessor-version":[{"id":270,"href":"https:\/\/www.guzeldagtekstil.com.tr\/tr\/wp-json\/wp\/v2\/posts\/268\/revisions\/270"}],"wp:featuredmedia":[{"embeddable":true,"href":"https:\/\/www.guzeldagtekstil.com.tr\/tr\/wp-json\/wp\/v2\/media\/269"}],"wp:attachment":[{"href":"https:\/\/www.guzeldagtekstil.com.tr\/tr\/wp-json\/wp\/v2\/media?parent=268"}],"wp:term":[{"taxonomy":"category","embeddable":true,"href":"https:\/\/www.guzeldagtekstil.com.tr\/tr\/wp-json\/wp\/v2\/categories?post=268"},{"taxonomy":"post_tag","embeddable":true,"href":"https:\/\/www.guzeldagtekstil.com.tr\/tr\/wp-json\/wp\/v2\/tags?post=268"}],"curies":[{"name":"wp","href":"https:\/\/api.w.org\/{rel}","templated":true}]}}