{"id":265,"date":"2023-10-13T11:03:11","date_gmt":"2023-10-13T08:03:11","guid":{"rendered":"https:\/\/www.guzeldagtekstil.com.tr\/tr\/?p=265"},"modified":"2023-11-15T15:23:34","modified_gmt":"2023-11-15T12:23:34","slug":"emprime-sanatcilari-ve-tasarimcilari-ilham-veren-kreatif-surecleri","status":"publish","type":"post","link":"https:\/\/www.guzeldagtekstil.com.tr\/tr\/emprime-sanatcilari-ve-tasarimcilari-ilham-veren-kreatif-surecleri.html","title":{"rendered":"Emprime Sanat\u00e7\u0131lar\u0131 ve Tasar\u0131mc\u0131lar\u0131: \u0130lham Veren Kreatif S\u00fcre\u00e7leri"},"content":{"rendered":"\n<p>Emprime sanat\u0131, sanat\u00e7\u0131lar ve tasar\u0131mc\u0131lar i\u00e7in s\u0131n\u0131rs\u0131z yarat\u0131c\u0131 f\u0131rsatlar sunar ve bu sanat\u00e7\u0131lar, tasar\u0131mlar\u0131n\u0131 hayata ge\u00e7irirken ilham veren kreatif s\u00fcre\u00e7lerin \u00f6n\u00fcnde durmazlar. \u0130\u015fte bu sanatsal yolculu\u011fun ba\u015flang\u0131c\u0131, ilham kaynaklar\u0131na d\u00f6n\u00fc\u015f yapmakt\u0131r. Sanat\u00e7\u0131lar ve tasar\u0131mc\u0131lar, do\u011fadan, k\u00fclt\u00fcrel mirastan, tarihsel d\u00f6nemlerden ve g\u00fcnl\u00fck ya\u015famdan ilham alabilirler. Bir \u00e7i\u00e7e\u011fin zarif detaylar\u0131, eski bir el yazmas\u0131 veya farkl\u0131 k\u00fclt\u00fcrlerin renkleri, kuma\u015flara aktar\u0131lmak \u00fczere tasar\u0131mc\u0131n\u0131n elindeki paletin sadece birka\u00e7 \u00f6rne\u011fidir.<\/p>\n\n\n\n<p>\u0130lham\u0131n ard\u0131ndan, tasar\u0131mc\u0131lar ve sanat\u00e7\u0131lar, bu kavramlar\u0131 emprime bask\u0131 i\u00e7in uyarlamak i\u00e7in yarat\u0131c\u0131 s\u00fcre\u00e7lerini ba\u015flat\u0131rlar. Renk paletleri se\u00e7ilir, desenler olu\u015fturulur ve tasar\u0131m\u0131n her a\u015famas\u0131 dikkatlice d\u00fc\u015f\u00fcn\u00fcl\u00fcr. Dijital ara\u00e7lar ve geleneksel emprime bask\u0131 teknikleri kullan\u0131larak bu fikirler kuma\u015flara aktar\u0131l\u0131r. Her ad\u0131mda, \u00f6zg\u00fcnl\u00fck ve yarat\u0131c\u0131l\u0131k vurgulan\u0131r.<\/p>\n\n\n\n<p>Sanat\u00e7\u0131lar ve tasar\u0131mc\u0131lar i\u00e7in bu s\u00fcre\u00e7 sadece bir i\u015f de\u011fil, ayn\u0131 zamanda bir ifade bi\u00e7imidir. Kuma\u015flara dokunduklar\u0131 her par\u00e7a, tasar\u0131mc\u0131n\u0131n ruhunu ve ki\u015fili\u011fini yans\u0131t\u0131r. \u0130\u015fte bu, moda koleksiyonlar\u0131n\u0131 veya i\u00e7 dekorasyon projelerini ki\u015fiselle\u015ftirir ve onlara \u00f6zg\u00fcn bir dokunu\u015f ekler. Emprime sanat\u00e7\u0131lar\u0131 ve tasar\u0131mc\u0131lar\u0131, her eserlerinde bir \u00f6yk\u00fc anlatma f\u0131rsat\u0131 bulurlar ve bu, giyim, ev tekstili ve aksesuarlar gibi bir\u00e7ok alanda yarat\u0131c\u0131 dokunu\u015flar\u0131n \u00f6n\u00fcn\u00fc a\u00e7ar.<\/p>\n\n\n\n<p>Sonu\u00e7 olarak, emprime sanat\u00e7\u0131lar\u0131 ve tasar\u0131mc\u0131lar\u0131, yarat\u0131c\u0131l\u0131kla dolu ilham veren kreatif s\u00fcre\u00e7leriyle tekstil d\u00fcnyas\u0131na benzersiz ve estetik a\u00e7\u0131dan zengin katk\u0131larda bulunurlar. Bu sanat\u00e7\u0131lar ve tasar\u0131mc\u0131lar, giyim ve dekorasyon d\u00fcnyas\u0131nda yarat\u0131c\u0131l\u0131\u011f\u0131n s\u0131n\u0131rlar\u0131n\u0131 zorlar ve emprime sanat\u0131n\u0131n g\u00fczelliklerini g\u00f6sterir. \u0130\u015fte bu sanatsal s\u00fcre\u00e7ler, emprime bask\u0131n\u0131n estetik ve yarat\u0131c\u0131 potansiyelini a\u00e7\u0131\u011fa \u00e7\u0131kar\u0131r ve ilham veren kreatif ifadelerin s\u0131n\u0131rlar\u0131n\u0131 geni\u015fletir.<\/p>\n","protected":false},"excerpt":{"rendered":"<p>Emprime sanat\u0131, sanat\u00e7\u0131lar ve tasar\u0131mc\u0131lar i\u00e7in s\u0131n\u0131rs\u0131z yarat\u0131c\u0131 f\u0131rsatlar sunar ve bu sanat\u00e7\u0131lar, tasar\u0131mlar\u0131n\u0131 hayata ge\u00e7irirken ilham veren kreatif s\u00fcre\u00e7lerin \u00f6n\u00fcnde durmazlar. \u0130\u015fte bu sanatsal yolculu\u011fun ba\u015flang\u0131c\u0131, ilham kaynaklar\u0131na d\u00f6n\u00fc\u015f yapmakt\u0131r. Sanat\u00e7\u0131lar ve tasar\u0131mc\u0131lar, do\u011fadan, k\u00fclt\u00fcrel mirastan, tarihsel d\u00f6nemlerden ve g\u00fcnl\u00fck ya\u015famdan ilham alabilirler. Bir \u00e7i\u00e7e\u011fin zarif detaylar\u0131, eski bir el yazmas\u0131 veya farkl\u0131 k\u00fclt\u00fcrlerin [&hellip;]<\/p>\n","protected":false},"author":1,"featured_media":528,"comment_status":"closed","ping_status":"closed","sticky":false,"template":"","format":"standard","meta":{"footnotes":""},"categories":[7],"tags":[17,63],"_links":{"self":[{"href":"https:\/\/www.guzeldagtekstil.com.tr\/tr\/wp-json\/wp\/v2\/posts\/265"}],"collection":[{"href":"https:\/\/www.guzeldagtekstil.com.tr\/tr\/wp-json\/wp\/v2\/posts"}],"about":[{"href":"https:\/\/www.guzeldagtekstil.com.tr\/tr\/wp-json\/wp\/v2\/types\/post"}],"author":[{"embeddable":true,"href":"https:\/\/www.guzeldagtekstil.com.tr\/tr\/wp-json\/wp\/v2\/users\/1"}],"replies":[{"embeddable":true,"href":"https:\/\/www.guzeldagtekstil.com.tr\/tr\/wp-json\/wp\/v2\/comments?post=265"}],"version-history":[{"count":1,"href":"https:\/\/www.guzeldagtekstil.com.tr\/tr\/wp-json\/wp\/v2\/posts\/265\/revisions"}],"predecessor-version":[{"id":267,"href":"https:\/\/www.guzeldagtekstil.com.tr\/tr\/wp-json\/wp\/v2\/posts\/265\/revisions\/267"}],"wp:featuredmedia":[{"embeddable":true,"href":"https:\/\/www.guzeldagtekstil.com.tr\/tr\/wp-json\/wp\/v2\/media\/528"}],"wp:attachment":[{"href":"https:\/\/www.guzeldagtekstil.com.tr\/tr\/wp-json\/wp\/v2\/media?parent=265"}],"wp:term":[{"taxonomy":"category","embeddable":true,"href":"https:\/\/www.guzeldagtekstil.com.tr\/tr\/wp-json\/wp\/v2\/categories?post=265"},{"taxonomy":"post_tag","embeddable":true,"href":"https:\/\/www.guzeldagtekstil.com.tr\/tr\/wp-json\/wp\/v2\/tags?post=265"}],"curies":[{"name":"wp","href":"https:\/\/api.w.org\/{rel}","templated":true}]}}