{"id":262,"date":"2023-09-26T10:58:03","date_gmt":"2023-09-26T07:58:03","guid":{"rendered":"https:\/\/www.guzeldagtekstil.com.tr\/tr\/?p=262"},"modified":"2023-11-15T15:11:03","modified_gmt":"2023-11-15T12:11:03","slug":"kumasta-emprime-ve-surdurulebilirlik-tekstil-endustrisinde-yesil-bir-yaklasim","status":"publish","type":"post","link":"https:\/\/www.guzeldagtekstil.com.tr\/tr\/kumasta-emprime-ve-surdurulebilirlik-tekstil-endustrisinde-yesil-bir-yaklasim.html","title":{"rendered":"Kuma\u015fta Emprime ve S\u00fcrd\u00fcr\u00fclebilirlik: Tekstil End\u00fcstrisinde Ye\u015fil Bir Yakla\u015f\u0131m"},"content":{"rendered":"\n<p>Kuma\u015f \u00fcretimi ve giyim end\u00fcstrisi, \u00e7evresel etkileriyle yak\u0131ndan ili\u015fkilendirilen b\u00fcy\u00fck bir sekt\u00f6rd\u00fcr. Ancak, emprime bask\u0131 ve s\u00fcrd\u00fcr\u00fclebilirlik aras\u0131ndaki ba\u011flant\u0131, tekstil end\u00fcstrisinde ye\u015fil bir d\u00f6n\u00fc\u015f\u00fcm\u00fcn kap\u0131lar\u0131n\u0131 aralamaktad\u0131r. Emprime, s\u00fcrd\u00fcr\u00fclebilirlikle bulu\u015ftu\u011funda, \u00e7evre dostu bir yakla\u015f\u0131m\u0131 te\u015fvik eder. Bu, at\u0131k \u00fcretimini azaltma, daha az su ve enerji kullanma ve toksik kimyasallardan ka\u00e7\u0131nma potansiyeline sahiptir.<\/p>\n\n\n\n<p>Emprime bask\u0131, do\u011fru m\u00fcrekkepler ve kimyasallar kullan\u0131ld\u0131\u011f\u0131nda, giysilerin uzun \u00f6m\u00fcrl\u00fc olmas\u0131n\u0131 sa\u011flar. Bu, giyimlerin daha az s\u0131k de\u011fi\u015ftirilmesi ve daha az at\u0131\u011f\u0131n \u00e7\u00f6pl\u00fcklere gitmesi anlam\u0131na gelir. Ayr\u0131ca, emprime, ki\u015fiselle\u015ftirilmi\u015f giyimde b\u00fcy\u00fck bir potansiyele sahiptir ve ki\u015fisel tercihlere uygun \u00f6zel tasar\u0131mlar\u0131n \u00fcretilmesine olanak tan\u0131r. Bu, &#8220;h\u0131zl\u0131 moda&#8221;n\u0131n olumsuz etkilerine kar\u015f\u0131 bir alternatif sunar.<\/p>\n\n\n\n<p>Buna ek olarak, emprime bask\u0131 y\u00f6ntemleri, di\u011fer geleneksel bask\u0131 y\u00f6ntemlerine k\u0131yasla daha az su t\u00fcketir ve \u00fcretim s\u00fcre\u00e7lerinde daha az enerji gerektirir. Bu, su kaynaklar\u0131n\u0131n korunmas\u0131na ve enerji tasarrufuna katk\u0131 sa\u011flar. S\u00fcrd\u00fcr\u00fclebilir emprime uygulamalar\u0131, toksik kimyasallar\u0131n kullan\u0131m\u0131n\u0131 en aza indirir ve bu da hem i\u015f\u00e7ilerin hem de t\u00fcketicilerin sa\u011fl\u0131\u011f\u0131na olumlu etki yapar.<\/p>\n\n\n\n<p>Sonu\u00e7 olarak, kuma\u015fta emprime ve s\u00fcrd\u00fcr\u00fclebilirlik, tekstil end\u00fcstrisinde ye\u015fil bir yakla\u015f\u0131m\u0131 te\u015fvik eder. Bu, at\u0131k azaltma, su ve enerji tasarrufu, ki\u015fiselle\u015ftirilmi\u015f giyim ve toksinlerden ka\u00e7\u0131nma konular\u0131nda potansiyel sunar. Emprime tekniklerinin s\u00fcrd\u00fcr\u00fclebilirlikle birle\u015fmesi, giyim end\u00fcstrisinde \u00e7evresel etkileri azaltmada \u00f6nemli bir rol oynayabilir ve gelecekte daha s\u00fcrd\u00fcr\u00fclebilir moda se\u00e7eneklerinin geli\u015ftirilmesine yard\u0131mc\u0131 olabilir.<\/p>\n","protected":false},"excerpt":{"rendered":"<p>Kuma\u015f \u00fcretimi ve giyim end\u00fcstrisi, \u00e7evresel etkileriyle yak\u0131ndan ili\u015fkilendirilen b\u00fcy\u00fck bir sekt\u00f6rd\u00fcr. Ancak, emprime bask\u0131 ve s\u00fcrd\u00fcr\u00fclebilirlik aras\u0131ndaki ba\u011flant\u0131, tekstil end\u00fcstrisinde ye\u015fil bir d\u00f6n\u00fc\u015f\u00fcm\u00fcn kap\u0131lar\u0131n\u0131 aralamaktad\u0131r. Emprime, s\u00fcrd\u00fcr\u00fclebilirlikle bulu\u015ftu\u011funda, \u00e7evre dostu bir yakla\u015f\u0131m\u0131 te\u015fvik eder. Bu, at\u0131k \u00fcretimini azaltma, daha az su ve enerji kullanma ve toksik kimyasallardan ka\u00e7\u0131nma potansiyeline sahiptir. Emprime bask\u0131, do\u011fru m\u00fcrekkepler [&hellip;]<\/p>\n","protected":false},"author":1,"featured_media":524,"comment_status":"closed","ping_status":"closed","sticky":false,"template":"","format":"standard","meta":{"footnotes":""},"categories":[7],"tags":[71,72],"_links":{"self":[{"href":"https:\/\/www.guzeldagtekstil.com.tr\/tr\/wp-json\/wp\/v2\/posts\/262"}],"collection":[{"href":"https:\/\/www.guzeldagtekstil.com.tr\/tr\/wp-json\/wp\/v2\/posts"}],"about":[{"href":"https:\/\/www.guzeldagtekstil.com.tr\/tr\/wp-json\/wp\/v2\/types\/post"}],"author":[{"embeddable":true,"href":"https:\/\/www.guzeldagtekstil.com.tr\/tr\/wp-json\/wp\/v2\/users\/1"}],"replies":[{"embeddable":true,"href":"https:\/\/www.guzeldagtekstil.com.tr\/tr\/wp-json\/wp\/v2\/comments?post=262"}],"version-history":[{"count":1,"href":"https:\/\/www.guzeldagtekstil.com.tr\/tr\/wp-json\/wp\/v2\/posts\/262\/revisions"}],"predecessor-version":[{"id":264,"href":"https:\/\/www.guzeldagtekstil.com.tr\/tr\/wp-json\/wp\/v2\/posts\/262\/revisions\/264"}],"wp:featuredmedia":[{"embeddable":true,"href":"https:\/\/www.guzeldagtekstil.com.tr\/tr\/wp-json\/wp\/v2\/media\/524"}],"wp:attachment":[{"href":"https:\/\/www.guzeldagtekstil.com.tr\/tr\/wp-json\/wp\/v2\/media?parent=262"}],"wp:term":[{"taxonomy":"category","embeddable":true,"href":"https:\/\/www.guzeldagtekstil.com.tr\/tr\/wp-json\/wp\/v2\/categories?post=262"},{"taxonomy":"post_tag","embeddable":true,"href":"https:\/\/www.guzeldagtekstil.com.tr\/tr\/wp-json\/wp\/v2\/tags?post=262"}],"curies":[{"name":"wp","href":"https:\/\/api.w.org\/{rel}","templated":true}]}}