{"id":259,"date":"2023-09-15T10:55:01","date_gmt":"2023-09-15T07:55:01","guid":{"rendered":"https:\/\/www.guzeldagtekstil.com.tr\/tr\/?p=259"},"modified":"2023-11-15T13:02:45","modified_gmt":"2023-11-15T10:02:45","slug":"emprime-ile-kumas-sanatinin-tarihcesi-ve-gelisimi","status":"publish","type":"post","link":"https:\/\/www.guzeldagtekstil.com.tr\/tr\/emprime-ile-kumas-sanatinin-tarihcesi-ve-gelisimi.html","title":{"rendered":"Emprime ile Kuma\u015f Sanat\u0131n\u0131n Tarih\u00e7esi ve Geli\u015fimi"},"content":{"rendered":"\n<p>Emprime, kuma\u015f sanat\u0131n\u0131n tarihinde \u00f6nemli bir kilometre ta\u015f\u0131d\u0131r ve y\u00fczy\u0131llard\u0131r kullan\u0131lan bir teknik olarak kendini geli\u015ftirmi\u015ftir. Bu sanat\u0131n k\u00f6kenleri antik d\u00fcnyaya dayan\u0131r. Antik \u00c7in ve Hindistan gibi b\u00f6lgelerde, kuma\u015flar\u0131 s\u00fcslemek ve desenlerle bezemek i\u00e7in kullan\u0131lan ilk y\u00f6ntemlerin izleri bulunur. Daha sonra Orta Do\u011fu ve Akdeniz b\u00f6lgelerinde bu teknikler geli\u015ftirilmi\u015f ve yayg\u0131nla\u015fm\u0131\u015ft\u0131r.<\/p>\n\n\n\n<p>Orta\u00e7a\u011f Avrupa&#8217;s\u0131nda, emprime bask\u0131 b\u00fcy\u00fck bir geli\u015fme kaydetmi\u015ftir. Ah\u015fap blok bask\u0131 ve kal\u0131p bask\u0131 gibi y\u00f6ntemler, kuma\u015flar\u0131n \u00fczerine desenlerin aktar\u0131lmas\u0131nda kullan\u0131lm\u0131\u015ft\u0131r. Ancak, bu teknikler karma\u015f\u0131kl\u0131k ve ayr\u0131nt\u0131 a\u00e7\u0131s\u0131ndan s\u0131n\u0131rlamalara sahipti. End\u00fcstri Devrimi&#8217;nin ard\u0131ndan ise emprime, b\u00fcy\u00fck \u00f6l\u00e7ekli \u00fcretim i\u00e7in daha etkili hale geldi. Serigrafi, emprime tekniklerindeki b\u00fcy\u00fck bir ad\u0131m olarak kabul edilir ve 20. y\u00fczy\u0131lda yayg\u0131n olarak kullan\u0131lmaya ba\u015fland\u0131.<\/p>\n\n\n\n<p>G\u00fcn\u00fcm\u00fczde emprime, tekstil end\u00fcstrisinde kuma\u015flara canl\u0131 renkler, karma\u015f\u0131k desenler ve \u00f6zg\u00fcn grafikler eklemenin anahtar\u0131d\u0131r. Bilgisayar destekli tasar\u0131m ve dijital bask\u0131 teknolojileri, tasar\u0131mc\u0131lara daha fazla yarat\u0131c\u0131l\u0131k ve \u00f6zg\u00fcnl\u00fck sa\u011flam\u0131\u015ft\u0131r. Bu teknikler, moda d\u00fcnyas\u0131nda ve di\u011fer end\u00fcstrilerde emprime sanat\u0131n\u0131n geli\u015fimini h\u0131zland\u0131rm\u0131\u015f ve s\u0131n\u0131rlar\u0131n\u0131 geni\u015fletmi\u015ftir.<\/p>\n\n\n\n<p>Emprime ile kuma\u015f sanat\u0131n\u0131n tarihi, ge\u00e7mi\u015ften g\u00fcn\u00fcm\u00fcze uzanan b\u00fcy\u00fcleyici bir hikaye sunar. Antik d\u00f6nemlerden g\u00fcn\u00fcm\u00fcze kadar evrilen bu teknik, tasar\u0131mc\u0131lar\u0131n ve sanat\u00e7\u0131lar\u0131n yarat\u0131c\u0131l\u0131klar\u0131n\u0131 serbest b\u0131rakmalar\u0131n\u0131 sa\u011flar ve tekstil d\u00fcnyas\u0131nda \u00f6zg\u00fcn ve estetik a\u00e7\u0131dan \u00e7ekici eserlerin yarat\u0131lmas\u0131n\u0131 te\u015fvik eder. Bu tarih\u00e7e, emprime tekniklerinin kuma\u015f sanat\u0131ndaki \u00f6nemini ve s\u00fcrekli geli\u015fimini vurgular ve gelecekteki inovasyonlar\u0131 heyecanla beklememize neden olur.<\/p>\n","protected":false},"excerpt":{"rendered":"<p>Emprime, kuma\u015f sanat\u0131n\u0131n tarihinde \u00f6nemli bir kilometre ta\u015f\u0131d\u0131r ve y\u00fczy\u0131llard\u0131r kullan\u0131lan bir teknik olarak kendini geli\u015ftirmi\u015ftir. Bu sanat\u0131n k\u00f6kenleri antik d\u00fcnyaya dayan\u0131r. Antik \u00c7in ve Hindistan gibi b\u00f6lgelerde, kuma\u015flar\u0131 s\u00fcslemek ve desenlerle bezemek i\u00e7in kullan\u0131lan ilk y\u00f6ntemlerin izleri bulunur. Daha sonra Orta Do\u011fu ve Akdeniz b\u00f6lgelerinde bu teknikler geli\u015ftirilmi\u015f ve yayg\u0131nla\u015fm\u0131\u015ft\u0131r. Orta\u00e7a\u011f Avrupa&#8217;s\u0131nda, emprime bask\u0131 [&hellip;]<\/p>\n","protected":false},"author":1,"featured_media":260,"comment_status":"closed","ping_status":"closed","sticky":false,"template":"","format":"standard","meta":{"footnotes":""},"categories":[7],"tags":[76,77],"_links":{"self":[{"href":"https:\/\/www.guzeldagtekstil.com.tr\/tr\/wp-json\/wp\/v2\/posts\/259"}],"collection":[{"href":"https:\/\/www.guzeldagtekstil.com.tr\/tr\/wp-json\/wp\/v2\/posts"}],"about":[{"href":"https:\/\/www.guzeldagtekstil.com.tr\/tr\/wp-json\/wp\/v2\/types\/post"}],"author":[{"embeddable":true,"href":"https:\/\/www.guzeldagtekstil.com.tr\/tr\/wp-json\/wp\/v2\/users\/1"}],"replies":[{"embeddable":true,"href":"https:\/\/www.guzeldagtekstil.com.tr\/tr\/wp-json\/wp\/v2\/comments?post=259"}],"version-history":[{"count":1,"href":"https:\/\/www.guzeldagtekstil.com.tr\/tr\/wp-json\/wp\/v2\/posts\/259\/revisions"}],"predecessor-version":[{"id":261,"href":"https:\/\/www.guzeldagtekstil.com.tr\/tr\/wp-json\/wp\/v2\/posts\/259\/revisions\/261"}],"wp:featuredmedia":[{"embeddable":true,"href":"https:\/\/www.guzeldagtekstil.com.tr\/tr\/wp-json\/wp\/v2\/media\/260"}],"wp:attachment":[{"href":"https:\/\/www.guzeldagtekstil.com.tr\/tr\/wp-json\/wp\/v2\/media?parent=259"}],"wp:term":[{"taxonomy":"category","embeddable":true,"href":"https:\/\/www.guzeldagtekstil.com.tr\/tr\/wp-json\/wp\/v2\/categories?post=259"},{"taxonomy":"post_tag","embeddable":true,"href":"https:\/\/www.guzeldagtekstil.com.tr\/tr\/wp-json\/wp\/v2\/tags?post=259"}],"curies":[{"name":"wp","href":"https:\/\/api.w.org\/{rel}","templated":true}]}}