{"id":256,"date":"2023-09-01T10:56:20","date_gmt":"2023-09-01T07:56:20","guid":{"rendered":"https:\/\/www.guzeldagtekstil.com.tr\/tr\/?p=256"},"modified":"2023-11-15T13:07:01","modified_gmt":"2023-11-15T10:07:01","slug":"moda-tasariminda-emprime-tasarimcilarin-yaraticiligini-serbest-birakin","status":"publish","type":"post","link":"https:\/\/www.guzeldagtekstil.com.tr\/tr\/moda-tasariminda-emprime-tasarimcilarin-yaraticiligini-serbest-birakin.html","title":{"rendered":"Moda Tasar\u0131m\u0131nda Emprime: Tasar\u0131mc\u0131lar\u0131n Yarat\u0131c\u0131l\u0131\u011f\u0131n\u0131 Serbest B\u0131rak\u0131n"},"content":{"rendered":"\n<p>Moda tasar\u0131m\u0131, s\u00fcrekli olarak evrilen ve de\u011fi\u015fen bir sanat bi\u00e7imi olarak her zaman yeni ve taze fikirler arar. \u0130\u015fte bu noktada emprime, tasar\u0131mc\u0131lar\u0131n yarat\u0131c\u0131l\u0131\u011f\u0131n\u0131 s\u0131n\u0131rlar\u0131 zorlamak ve benzersiz giyim koleksiyonlar\u0131 yaratmak i\u00e7in g\u00fc\u00e7l\u00fc bir ara\u00e7 olarak parl\u0131yor. Emprime, tasar\u0131mc\u0131lara kuma\u015flara canl\u0131 renkler, sofistike desenler ve \u00f6zg\u00fcn grafikler eklemeleri i\u00e7in sonsuz olanaklar sunar. Bu, moda d\u00fcnyas\u0131n\u0131n s\u0131radanl\u0131ktan s\u0131yr\u0131lmas\u0131n\u0131 ve benzersiz stil ifadeleri yarat\u0131lmas\u0131n\u0131 m\u00fcmk\u00fcn k\u0131lar.<\/p>\n\n\n\n<p>Tasar\u0131mc\u0131lar, do\u011fadan ilham alabilir ve deniz, g\u00f6ky\u00fcz\u00fc, bitki \u00f6rt\u00fcs\u00fc gibi \u00f6\u011feleri giyimlerine aktarabilir. Ayn\u0131 zamanda tarihsel d\u00f6nemler, farkl\u0131 k\u00fclt\u00fcrler ve sanat eserleri gibi kaynaklardan ilham alarak, koleksiyonlar\u0131na tarihi ve k\u00fclt\u00fcrel derinlik katabilirler. Emprime, tasar\u0131mc\u0131lara sadece kuma\u015flar\u0131 de\u011fil, ayn\u0131 zamanda giyim tasar\u0131m\u0131n\u0131n ruhunu d\u00f6n\u00fc\u015ft\u00fcrme f\u0131rsat\u0131 sunar.<\/p>\n\n\n\n<p>Bununla birlikte, emprime sadece tasar\u0131mc\u0131lar i\u00e7in de\u011fil, ayn\u0131 zamanda moda t\u00fcketicileri i\u00e7in de b\u00fcy\u00fck bir avantajd\u0131r. Ki\u015fiselle\u015ftirilmi\u015f k\u0131yafetler ve \u00f6zg\u00fcn desenler, moda d\u00fcnyas\u0131n\u0131n bir par\u00e7as\u0131 olmay\u0131 isteyen herkes i\u00e7in bir \u00f6zg\u00fcnl\u00fck ifadesi haline gelir. Emprime ile tasarlanm\u0131\u015f giyim, herkesin kendi tarz\u0131n\u0131 ve ki\u015fili\u011fini giyiminde yans\u0131tabilmesine olanak tan\u0131r. Ayr\u0131ca, bu teknik s\u00fcrd\u00fcr\u00fclebilirlik a\u00e7\u0131s\u0131ndan da \u00f6nemlidir, \u00e7\u00fcnk\u00fc \u00f6zel tasar\u0131m \u00fcr\u00fcnlerin \u00fcretimi gereksiz at\u0131klar\u0131 azaltabilir.<\/p>\n\n\n\n<p>Sonu\u00e7 olarak, emprime, moda tasar\u0131m\u0131n\u0131n klasik s\u0131n\u0131rlar\u0131n\u0131 y\u0131kar ve tasar\u0131mc\u0131lar\u0131n yarat\u0131c\u0131l\u0131\u011f\u0131n\u0131 serbest b\u0131rak\u0131r. Bu, giyim d\u00fcnyas\u0131n\u0131 \u00f6zg\u00fcnl\u00fck, canl\u0131l\u0131k ve s\u00fcrd\u00fcr\u00fclebilirlik a\u00e7\u0131s\u0131ndan d\u00f6n\u00fc\u015ft\u00fcr\u00fcr. Tasar\u0131mc\u0131lar ve t\u00fcketiciler i\u00e7in birlikte bir f\u0131rsat sunar: Moda d\u00fcnyas\u0131n\u0131 ki\u015fiselle\u015ftirmek ve kendi sanatsal ifadelerini yaratmak. Moda tasar\u0131m\u0131nda emprime, yarat\u0131c\u0131 potansiyelin \u00f6n\u00fcn\u00fc a\u00e7an ve kuma\u015flar\u0131n sanatsal bir tuval haline gelmesine olanak tan\u0131yan bir devrimci ara\u00e7t\u0131r.<\/p>\n","protected":false},"excerpt":{"rendered":"<p>Moda tasar\u0131m\u0131, s\u00fcrekli olarak evrilen ve de\u011fi\u015fen bir sanat bi\u00e7imi olarak her zaman yeni ve taze fikirler arar. \u0130\u015fte bu noktada emprime, tasar\u0131mc\u0131lar\u0131n yarat\u0131c\u0131l\u0131\u011f\u0131n\u0131 s\u0131n\u0131rlar\u0131 zorlamak ve benzersiz giyim koleksiyonlar\u0131 yaratmak i\u00e7in g\u00fc\u00e7l\u00fc bir ara\u00e7 olarak parl\u0131yor. Emprime, tasar\u0131mc\u0131lara kuma\u015flara canl\u0131 renkler, sofistike desenler ve \u00f6zg\u00fcn grafikler eklemeleri i\u00e7in sonsuz olanaklar sunar. Bu, moda d\u00fcnyas\u0131n\u0131n [&hellip;]<\/p>\n","protected":false},"author":1,"featured_media":257,"comment_status":"closed","ping_status":"closed","sticky":false,"template":"","format":"standard","meta":{"footnotes":""},"categories":[7],"tags":[82,83],"_links":{"self":[{"href":"https:\/\/www.guzeldagtekstil.com.tr\/tr\/wp-json\/wp\/v2\/posts\/256"}],"collection":[{"href":"https:\/\/www.guzeldagtekstil.com.tr\/tr\/wp-json\/wp\/v2\/posts"}],"about":[{"href":"https:\/\/www.guzeldagtekstil.com.tr\/tr\/wp-json\/wp\/v2\/types\/post"}],"author":[{"embeddable":true,"href":"https:\/\/www.guzeldagtekstil.com.tr\/tr\/wp-json\/wp\/v2\/users\/1"}],"replies":[{"embeddable":true,"href":"https:\/\/www.guzeldagtekstil.com.tr\/tr\/wp-json\/wp\/v2\/comments?post=256"}],"version-history":[{"count":1,"href":"https:\/\/www.guzeldagtekstil.com.tr\/tr\/wp-json\/wp\/v2\/posts\/256\/revisions"}],"predecessor-version":[{"id":258,"href":"https:\/\/www.guzeldagtekstil.com.tr\/tr\/wp-json\/wp\/v2\/posts\/256\/revisions\/258"}],"wp:featuredmedia":[{"embeddable":true,"href":"https:\/\/www.guzeldagtekstil.com.tr\/tr\/wp-json\/wp\/v2\/media\/257"}],"wp:attachment":[{"href":"https:\/\/www.guzeldagtekstil.com.tr\/tr\/wp-json\/wp\/v2\/media?parent=256"}],"wp:term":[{"taxonomy":"category","embeddable":true,"href":"https:\/\/www.guzeldagtekstil.com.tr\/tr\/wp-json\/wp\/v2\/categories?post=256"},{"taxonomy":"post_tag","embeddable":true,"href":"https:\/\/www.guzeldagtekstil.com.tr\/tr\/wp-json\/wp\/v2\/tags?post=256"}],"curies":[{"name":"wp","href":"https:\/\/api.w.org\/{rel}","templated":true}]}}