{"id":253,"date":"2023-08-15T10:41:37","date_gmt":"2023-08-15T07:41:37","guid":{"rendered":"https:\/\/www.guzeldagtekstil.com.tr\/tr\/?p=253"},"modified":"2023-11-15T13:13:11","modified_gmt":"2023-11-15T10:13:11","slug":"emprime-islemi-adimlari-kumasa-sanatsal-dokunuslar-eklemek","status":"publish","type":"post","link":"https:\/\/www.guzeldagtekstil.com.tr\/tr\/emprime-islemi-adimlari-kumasa-sanatsal-dokunuslar-eklemek.html","title":{"rendered":"Emprime \u0130\u015flemi Ad\u0131mlar\u0131: Kuma\u015fa Sanatsal Dokunu\u015flar Eklemek"},"content":{"rendered":"\n<p>Emprime i\u015flemi, kuma\u015fa sanatsal dokunu\u015flar eklemenin ustaca bir yoludur ve bir dizi \u00f6zenle tasarlanm\u0131\u015f ad\u0131mdan olu\u015fur. \u0130lk ad\u0131m, tasar\u0131m olu\u015fturmadan \u00f6nce ilham kaynaklar\u0131n\u0131 ke\u015ffetmek ve tasar\u0131m fikirlerini \u015fekillendirmektir. Ard\u0131ndan, tasar\u0131m\u0131n teknik ayr\u0131nt\u0131lar\u0131na dikkat etmek \u00f6nemlidir; bu, desenlerin boyutland\u0131r\u0131lmas\u0131, renk se\u00e7eneklerinin belirlenmesi ve kuma\u015f\u0131n t\u00fcr\u00fcn\u00fcn se\u00e7ilmesi gibi unsurlar\u0131 i\u00e7erir. Daha sonra, tasar\u0131m, emprime bask\u0131ya uygun hale getirilir ve dijital veya fiziksel olarak bir \u015fablona d\u00f6k\u00fcl\u00fcr. \u0130\u015fte burada, se\u00e7ilen bask\u0131 y\u00f6ntemine g\u00f6re ekran bask\u0131, serigrafi veya di\u011fer teknikler kullan\u0131larak tasar\u0131m kuma\u015fa aktar\u0131l\u0131r.<\/p>\n\n\n\n<p>Renklerin canl\u0131l\u0131\u011f\u0131n\u0131 ve tasar\u0131m\u0131n ayr\u0131nt\u0131lar\u0131n\u0131 korumak i\u00e7in do\u011fru m\u00fcrekkep ve kimyasal kar\u0131\u015f\u0131mlar kullan\u0131l\u0131r. Emprime i\u015flemi s\u0131ras\u0131nda, tasar\u0131m\u0131n kuma\u015f \u00fczerine aktar\u0131lmas\u0131 kesinlikle kontrol edilir ve her ayr\u0131nt\u0131 \u00f6zenle incelenir. Son ad\u0131m ise, emprime sonu\u00e7lar\u0131n\u0131n m\u00fckemmel olmas\u0131n\u0131 sa\u011flamak i\u00e7in kalite kontrol ve son dokunu\u015flard\u0131r. Bu ad\u0131mlar\u0131n her biri, kuma\u015f tasar\u0131m\u0131n\u0131n estetik a\u00e7\u0131dan \u00e7ekici, dayan\u0131kl\u0131 ve \u00f6zg\u00fcn olmas\u0131n\u0131 garanti eder. Emprime i\u015flemi, kuma\u015f tasar\u0131m d\u00fcnyas\u0131nda s\u0131n\u0131rlar\u0131 zorlayan ve yarat\u0131c\u0131l\u0131\u011f\u0131n \u00f6n\u00fcn\u00fc a\u00e7an bir s\u00fcre\u00e7tir. Tasar\u0131mc\u0131lar, bu ad\u0131mlar\u0131 ustaca takip ederek, kendi sanatsal dokunu\u015flar\u0131n\u0131 kuma\u015flara eklerken kalite ve benzersizlik konusunda y\u00fcksek standartlar\u0131 korur.<\/p>\n","protected":false},"excerpt":{"rendered":"<p>Emprime i\u015flemi, kuma\u015fa sanatsal dokunu\u015flar eklemenin ustaca bir yoludur ve bir dizi \u00f6zenle tasarlanm\u0131\u015f ad\u0131mdan olu\u015fur. \u0130lk ad\u0131m, tasar\u0131m olu\u015fturmadan \u00f6nce ilham kaynaklar\u0131n\u0131 ke\u015ffetmek ve tasar\u0131m fikirlerini \u015fekillendirmektir. Ard\u0131ndan, tasar\u0131m\u0131n teknik ayr\u0131nt\u0131lar\u0131na dikkat etmek \u00f6nemlidir; bu, desenlerin boyutland\u0131r\u0131lmas\u0131, renk se\u00e7eneklerinin belirlenmesi ve kuma\u015f\u0131n t\u00fcr\u00fcn\u00fcn se\u00e7ilmesi gibi unsurlar\u0131 i\u00e7erir. Daha sonra, tasar\u0131m, emprime bask\u0131ya uygun hale [&hellip;]<\/p>\n","protected":false},"author":1,"featured_media":254,"comment_status":"closed","ping_status":"closed","sticky":false,"template":"","format":"standard","meta":{"footnotes":""},"categories":[7],"tags":[88,89],"_links":{"self":[{"href":"https:\/\/www.guzeldagtekstil.com.tr\/tr\/wp-json\/wp\/v2\/posts\/253"}],"collection":[{"href":"https:\/\/www.guzeldagtekstil.com.tr\/tr\/wp-json\/wp\/v2\/posts"}],"about":[{"href":"https:\/\/www.guzeldagtekstil.com.tr\/tr\/wp-json\/wp\/v2\/types\/post"}],"author":[{"embeddable":true,"href":"https:\/\/www.guzeldagtekstil.com.tr\/tr\/wp-json\/wp\/v2\/users\/1"}],"replies":[{"embeddable":true,"href":"https:\/\/www.guzeldagtekstil.com.tr\/tr\/wp-json\/wp\/v2\/comments?post=253"}],"version-history":[{"count":1,"href":"https:\/\/www.guzeldagtekstil.com.tr\/tr\/wp-json\/wp\/v2\/posts\/253\/revisions"}],"predecessor-version":[{"id":255,"href":"https:\/\/www.guzeldagtekstil.com.tr\/tr\/wp-json\/wp\/v2\/posts\/253\/revisions\/255"}],"wp:featuredmedia":[{"embeddable":true,"href":"https:\/\/www.guzeldagtekstil.com.tr\/tr\/wp-json\/wp\/v2\/media\/254"}],"wp:attachment":[{"href":"https:\/\/www.guzeldagtekstil.com.tr\/tr\/wp-json\/wp\/v2\/media?parent=253"}],"wp:term":[{"taxonomy":"category","embeddable":true,"href":"https:\/\/www.guzeldagtekstil.com.tr\/tr\/wp-json\/wp\/v2\/categories?post=253"},{"taxonomy":"post_tag","embeddable":true,"href":"https:\/\/www.guzeldagtekstil.com.tr\/tr\/wp-json\/wp\/v2\/tags?post=253"}],"curies":[{"name":"wp","href":"https:\/\/api.w.org\/{rel}","templated":true}]}}