{"id":250,"date":"2023-08-01T10:53:07","date_gmt":"2023-08-01T07:53:07","guid":{"rendered":"https:\/\/www.guzeldagtekstil.com.tr\/tr\/?p=250"},"modified":"2023-11-15T13:17:19","modified_gmt":"2023-11-15T10:17:19","slug":"emprime-renkleri-ve-desenleri-kumas-tasariminda-ilham-kaynaklari","status":"publish","type":"post","link":"https:\/\/www.guzeldagtekstil.com.tr\/tr\/emprime-renkleri-ve-desenleri-kumas-tasariminda-ilham-kaynaklari.html","title":{"rendered":"Emprime Renkleri ve Desenleri: Kuma\u015f Tasar\u0131m\u0131nda \u0130lham Kaynaklar\u0131"},"content":{"rendered":"\n<p>Emprime bask\u0131, kuma\u015f tasar\u0131m\u0131nda renklerin ve desenlerin yarat\u0131c\u0131l\u0131\u011f\u0131na sonsuz olanaklar sunar ve ilham kaynaklar\u0131, bu \u00f6zg\u00fcn sanat\u0131n hayat bulmas\u0131na yard\u0131mc\u0131 olur. Renk paletleri, do\u011fadan, sanattan veya g\u00fcnl\u00fck ya\u015fam\u0131n her y\u00f6n\u00fcnden ilham al\u0131nabilir. Do\u011fan\u0131n renkleri, deniz mavisinden orman ye\u015filine kadar, kuma\u015flar\u0131n\u0131za tazelik ve canl\u0131l\u0131k katar. Ayn\u0131 \u015fekilde, sanat d\u00fcnyas\u0131ndan esinlenerek karma\u015f\u0131k veya soyut desenler olu\u015fturabilir ve giyim veya i\u00e7 dekorasyon projelerinize zarif bir estetik katabilirsiniz.<\/p>\n\n\n\n<p>Tarihsel d\u00f6nemler ve k\u00fclt\u00fcrel miras da emprime tasar\u0131mlar i\u00e7in zengin ilham kaynaklar\u0131d\u0131r. Geometrik desenlerden etnik motiflere kadar, d\u00fcnya \u00e7ap\u0131nda k\u00fclt\u00fcrel \u00f6\u011felerden esinlenerek benzersiz ve \u00e7arp\u0131c\u0131 tasar\u0131mlar olu\u015fturabilirsiniz. Ayr\u0131ca, g\u00fcncel modaya ve trendlere dikkat ederek, g\u00fcn\u00fcn stil ve talepleriyle uyumlu tasar\u0131mlar yaratma f\u0131rsat\u0131na sahipsiniz.<\/p>\n\n\n\n<p>Emprime renkleri ve desenleri ile ilgili ilham kaynaklar\u0131, her tasar\u0131mc\u0131n\u0131n yarat\u0131c\u0131l\u0131\u011f\u0131n\u0131 serbest b\u0131rakmas\u0131n\u0131 sa\u011flar. \u0130ster s\u0131rad\u0131\u015f\u0131 renk kombinasyonlar\u0131na, ister sofistike desenlere veya minimalist tasar\u0131mlara ilgi duyun, emprime bask\u0131 d\u00fcnyas\u0131nda tasar\u0131m\u0131n s\u0131n\u0131rlar\u0131n\u0131 geni\u015fletebilirsiniz. Bu, kuma\u015f tasar\u0131m\u0131n\u0131n benzersiz ve \u00f6zg\u00fcn bir ifade arac\u0131 oldu\u011funu ve renklerin, desenlerin ve ilham kaynaklar\u0131n\u0131n s\u0131n\u0131rs\u0131z bir yarat\u0131c\u0131 potansiyele sahip oldu\u011funu g\u00f6sterir.<\/p>\n","protected":false},"excerpt":{"rendered":"<p>Emprime bask\u0131, kuma\u015f tasar\u0131m\u0131nda renklerin ve desenlerin yarat\u0131c\u0131l\u0131\u011f\u0131na sonsuz olanaklar sunar ve ilham kaynaklar\u0131, bu \u00f6zg\u00fcn sanat\u0131n hayat bulmas\u0131na yard\u0131mc\u0131 olur. Renk paletleri, do\u011fadan, sanattan veya g\u00fcnl\u00fck ya\u015fam\u0131n her y\u00f6n\u00fcnden ilham al\u0131nabilir. Do\u011fan\u0131n renkleri, deniz mavisinden orman ye\u015filine kadar, kuma\u015flar\u0131n\u0131za tazelik ve canl\u0131l\u0131k katar. Ayn\u0131 \u015fekilde, sanat d\u00fcnyas\u0131ndan esinlenerek karma\u015f\u0131k veya soyut desenler olu\u015fturabilir ve [&hellip;]<\/p>\n","protected":false},"author":1,"featured_media":251,"comment_status":"closed","ping_status":"closed","sticky":false,"template":"","format":"standard","meta":{"footnotes":""},"categories":[7],"tags":[18,92],"_links":{"self":[{"href":"https:\/\/www.guzeldagtekstil.com.tr\/tr\/wp-json\/wp\/v2\/posts\/250"}],"collection":[{"href":"https:\/\/www.guzeldagtekstil.com.tr\/tr\/wp-json\/wp\/v2\/posts"}],"about":[{"href":"https:\/\/www.guzeldagtekstil.com.tr\/tr\/wp-json\/wp\/v2\/types\/post"}],"author":[{"embeddable":true,"href":"https:\/\/www.guzeldagtekstil.com.tr\/tr\/wp-json\/wp\/v2\/users\/1"}],"replies":[{"embeddable":true,"href":"https:\/\/www.guzeldagtekstil.com.tr\/tr\/wp-json\/wp\/v2\/comments?post=250"}],"version-history":[{"count":1,"href":"https:\/\/www.guzeldagtekstil.com.tr\/tr\/wp-json\/wp\/v2\/posts\/250\/revisions"}],"predecessor-version":[{"id":252,"href":"https:\/\/www.guzeldagtekstil.com.tr\/tr\/wp-json\/wp\/v2\/posts\/250\/revisions\/252"}],"wp:featuredmedia":[{"embeddable":true,"href":"https:\/\/www.guzeldagtekstil.com.tr\/tr\/wp-json\/wp\/v2\/media\/251"}],"wp:attachment":[{"href":"https:\/\/www.guzeldagtekstil.com.tr\/tr\/wp-json\/wp\/v2\/media?parent=250"}],"wp:term":[{"taxonomy":"category","embeddable":true,"href":"https:\/\/www.guzeldagtekstil.com.tr\/tr\/wp-json\/wp\/v2\/categories?post=250"},{"taxonomy":"post_tag","embeddable":true,"href":"https:\/\/www.guzeldagtekstil.com.tr\/tr\/wp-json\/wp\/v2\/tags?post=250"}],"curies":[{"name":"wp","href":"https:\/\/api.w.org\/{rel}","templated":true}]}}