{"id":247,"date":"2024-02-13T10:25:08","date_gmt":"2024-02-13T07:25:08","guid":{"rendered":"https:\/\/www.guzeldagtekstil.com.tr\/tr\/?p=247"},"modified":"2023-11-15T12:35:11","modified_gmt":"2023-11-15T09:35:11","slug":"emprime-sanati-kumasa-karakter-ve-tarz-katmanin-yollari","status":"publish","type":"post","link":"https:\/\/www.guzeldagtekstil.com.tr\/tr\/emprime-sanati-kumasa-karakter-ve-tarz-katmanin-yollari.html","title":{"rendered":"Emprime Sanat\u0131: Kuma\u015fa Karakter ve Tarz Katman\u0131n Yollar\u0131"},"content":{"rendered":"\n<p>Emprime sanat\u0131, kuma\u015fa karakter ve tarz katman\u0131n yarat\u0131c\u0131 bir yolunu temsil eder. Bu e\u015fsiz teknik, desenlerin, renklerin ve tasar\u0131mlar\u0131n kuma\u015f y\u00fczeyine canl\u0131 ve \u00f6zg\u00fcn bir \u015fekilde aktar\u0131lmas\u0131n\u0131 sa\u011flar, bu da ki\u015fisel ifadenizi k\u0131yafetlerinizle birle\u015ftirmenize olanak tan\u0131r. Klasik ve s\u0131radan giyim yerine, emprime sanat\u0131 ile \u00f6zel ve \u00f6zg\u00fcn tasar\u0131mlar yaratma \u00f6zg\u00fcrl\u00fc\u011f\u00fcne sahipsiniz. Renk se\u00e7enekleri neredeyse s\u0131n\u0131rs\u0131zd\u0131r ve bu, giyimdeki kendi benzersiz stilinizi ifade etmek i\u00e7in m\u00fckemmel bir yoldur. Ayn\u0131 zamanda, bu teknik, kuma\u015f\u0131n dokusunu bozmadan desenleri aktard\u0131\u011f\u0131 i\u00e7in giyim konforunu art\u0131r\u0131r. Emprime bask\u0131 sadece giyimde de\u011fil, ayn\u0131 zamanda i\u00e7 dekorasyon, aksesuarlar ve daha fazlas\u0131nda da kullan\u0131labilir. Bu, kendi ya\u015fam alan\u0131n\u0131za veya \u00fcr\u00fcnlere benzersiz bir karakter katman\u0131n ve tarz\u0131n\u0131z\u0131 ortaya \u00e7\u0131karman\u0131n harika bir yoludur. Emprime sanat\u0131, ki\u015fisellik ve yarat\u0131c\u0131l\u0131k a\u00e7\u0131s\u0131ndan birinci s\u0131n\u0131f bir se\u00e7enek sunar ve moda d\u00fcnyas\u0131n\u0131 klasik standartlardan s\u0131y\u0131rarak herkesin kendi tarz\u0131n\u0131 ifade etmesine olanak tan\u0131r. Bu nedenle, emprime sanat\u0131, karakter ve tarz\u0131n\u0131za kuma\u015f \u00fczerinde \u00f6zg\u00fcn bir ifade katma yolunuz olabilir.<\/p>\n","protected":false},"excerpt":{"rendered":"<p>Emprime sanat\u0131, kuma\u015fa karakter ve tarz katman\u0131n yarat\u0131c\u0131 bir yolunu temsil eder. Bu e\u015fsiz teknik, desenlerin, renklerin ve tasar\u0131mlar\u0131n kuma\u015f y\u00fczeyine canl\u0131 ve \u00f6zg\u00fcn bir \u015fekilde aktar\u0131lmas\u0131n\u0131 sa\u011flar, bu da ki\u015fisel ifadenizi k\u0131yafetlerinizle birle\u015ftirmenize olanak tan\u0131r. Klasik ve s\u0131radan giyim yerine, emprime sanat\u0131 ile \u00f6zel ve \u00f6zg\u00fcn tasar\u0131mlar yaratma \u00f6zg\u00fcrl\u00fc\u011f\u00fcne sahipsiniz. Renk se\u00e7enekleri neredeyse s\u0131n\u0131rs\u0131zd\u0131r [&hellip;]<\/p>\n","protected":false},"author":1,"featured_media":248,"comment_status":"closed","ping_status":"closed","sticky":false,"template":"","format":"standard","meta":{"footnotes":""},"categories":[7],"tags":[17,18],"_links":{"self":[{"href":"https:\/\/www.guzeldagtekstil.com.tr\/tr\/wp-json\/wp\/v2\/posts\/247"}],"collection":[{"href":"https:\/\/www.guzeldagtekstil.com.tr\/tr\/wp-json\/wp\/v2\/posts"}],"about":[{"href":"https:\/\/www.guzeldagtekstil.com.tr\/tr\/wp-json\/wp\/v2\/types\/post"}],"author":[{"embeddable":true,"href":"https:\/\/www.guzeldagtekstil.com.tr\/tr\/wp-json\/wp\/v2\/users\/1"}],"replies":[{"embeddable":true,"href":"https:\/\/www.guzeldagtekstil.com.tr\/tr\/wp-json\/wp\/v2\/comments?post=247"}],"version-history":[{"count":2,"href":"https:\/\/www.guzeldagtekstil.com.tr\/tr\/wp-json\/wp\/v2\/posts\/247\/revisions"}],"predecessor-version":[{"id":518,"href":"https:\/\/www.guzeldagtekstil.com.tr\/tr\/wp-json\/wp\/v2\/posts\/247\/revisions\/518"}],"wp:featuredmedia":[{"embeddable":true,"href":"https:\/\/www.guzeldagtekstil.com.tr\/tr\/wp-json\/wp\/v2\/media\/248"}],"wp:attachment":[{"href":"https:\/\/www.guzeldagtekstil.com.tr\/tr\/wp-json\/wp\/v2\/media?parent=247"}],"wp:term":[{"taxonomy":"category","embeddable":true,"href":"https:\/\/www.guzeldagtekstil.com.tr\/tr\/wp-json\/wp\/v2\/categories?post=247"},{"taxonomy":"post_tag","embeddable":true,"href":"https:\/\/www.guzeldagtekstil.com.tr\/tr\/wp-json\/wp\/v2\/tags?post=247"}],"curies":[{"name":"wp","href":"https:\/\/api.w.org\/{rel}","templated":true}]}}