{"id":244,"date":"2024-01-30T10:10:12","date_gmt":"2024-01-30T07:10:12","guid":{"rendered":"https:\/\/www.guzeldagtekstil.com.tr\/tr\/?p=244"},"modified":"2023-11-15T15:06:23","modified_gmt":"2023-11-15T12:06:23","slug":"emprime-ile-kisisellestirilmis-giyim-kendi-tasariminizi-yaratin","status":"publish","type":"post","link":"https:\/\/www.guzeldagtekstil.com.tr\/tr\/emprime-ile-kisisellestirilmis-giyim-kendi-tasariminizi-yaratin.html","title":{"rendered":"Emprime ile Ki\u015fiselle\u015ftirilmi\u015f Giyim: Kendi Tasar\u0131m\u0131n\u0131z\u0131 Yarat\u0131n"},"content":{"rendered":"\n<p>Emprime bask\u0131, ki\u015fiselle\u015ftirilmi\u015f giyim d\u00fcnyas\u0131nda devrim yarat\u0131yor. Art\u0131k s\u0131radan giyim yerine, kendi tasar\u0131mlar\u0131n\u0131z\u0131 yaratma \u00f6zg\u00fcrl\u00fc\u011f\u00fcne sahipsiniz. Bu teknoloji, herkesin kendi \u00f6zg\u00fcn tarz\u0131n\u0131 ve ki\u015fili\u011fini giyiminde yans\u0131tabilmesini sa\u011flar. Renk, desen ve grafiklerin kuma\u015f \u00fczerine \u00f6zg\u00fcn bir \u015fekilde aktar\u0131lmas\u0131n\u0131 sa\u011flayan emprime bask\u0131, giyimde klasik standartlar\u0131 a\u015far ve tasar\u0131mc\u0131lar\u0131 kendi eserlerini hayata ge\u00e7irmek i\u00e7in bir tuval gibi kullanmalar\u0131n\u0131 sa\u011flar.<\/p>\n\n\n\n<p>Ki\u015fiselle\u015ftirilmi\u015f giyim, sadece stilinizi ifade etmenin \u00f6tesinde, k\u0131yafetlerinizi ger\u00e7ekten sizin gibi yapman\u0131n bir yoludur. Sevdi\u011finiz bir desen, hat\u0131rlanmas\u0131 gereken bir tarih veya ki\u015fisel bir mesaj, emprime bask\u0131 ile kuma\u015fa i\u015flenebilir. Bu, \u00f6zel bir an\u0131y\u0131 ta\u015f\u0131yan bir ti\u015f\u00f6rt, \u00f6zel bir hediye veya sadece benzersiz bir par\u00e7a yaratmak i\u00e7in sonsuz olanaklar sunar. Ayr\u0131ca, ki\u015fiselle\u015ftirilmi\u015f giyim, \u00e7evre dostu bir yakla\u015f\u0131m\u0131 da te\u015fvik eder, \u00e7\u00fcnk\u00fc sadece ihtiyac\u0131n\u0131z olan\u0131 \u00fcretirsiniz, bu da israf\u0131 azalt\u0131r.<\/p>\n\n\n\n<p>Emprime ile ki\u015fiselle\u015ftirilmi\u015f giyim, hem t\u00fcketiciler hem de tasar\u0131mc\u0131lar i\u00e7in heyecan verici bir se\u00e7enek sunuyor. Moda end\u00fcstrisindeki geleneksel standartlardan sapmaya cesaret edin ve kendi tasar\u0131m\u0131n\u0131z\u0131 yaratman\u0131n keyfine var\u0131n. \u00d6zg\u00fcnl\u00fck ve ki\u015fisellik, emprime bask\u0131n\u0131n moda d\u00fcnyas\u0131ndaki b\u00fcy\u00fcleyici y\u00fckseli\u015finin temel ta\u015flar\u0131d\u0131r ve bu trend, giyim end\u00fcstrisini ki\u015fiselle\u015ftirilmi\u015f bir deneyime d\u00f6n\u00fc\u015ft\u00fcrmek i\u00e7in s\u0131n\u0131rlar\u0131 zorlamaya devam ediyor.<\/p>\n","protected":false},"excerpt":{"rendered":"<p>Emprime bask\u0131, ki\u015fiselle\u015ftirilmi\u015f giyim d\u00fcnyas\u0131nda devrim yarat\u0131yor. Art\u0131k s\u0131radan giyim yerine, kendi tasar\u0131mlar\u0131n\u0131z\u0131 yaratma \u00f6zg\u00fcrl\u00fc\u011f\u00fcne sahipsiniz. Bu teknoloji, herkesin kendi \u00f6zg\u00fcn tarz\u0131n\u0131 ve ki\u015fili\u011fini giyiminde yans\u0131tabilmesini sa\u011flar. Renk, desen ve grafiklerin kuma\u015f \u00fczerine \u00f6zg\u00fcn bir \u015fekilde aktar\u0131lmas\u0131n\u0131 sa\u011flayan emprime bask\u0131, giyimde klasik standartlar\u0131 a\u015far ve tasar\u0131mc\u0131lar\u0131 kendi eserlerini hayata ge\u00e7irmek i\u00e7in bir tuval gibi kullanmalar\u0131n\u0131 [&hellip;]<\/p>\n","protected":false},"author":1,"featured_media":522,"comment_status":"closed","ping_status":"closed","sticky":false,"template":"","format":"standard","meta":{"footnotes":""},"categories":[7],"tags":[23,25],"_links":{"self":[{"href":"https:\/\/www.guzeldagtekstil.com.tr\/tr\/wp-json\/wp\/v2\/posts\/244"}],"collection":[{"href":"https:\/\/www.guzeldagtekstil.com.tr\/tr\/wp-json\/wp\/v2\/posts"}],"about":[{"href":"https:\/\/www.guzeldagtekstil.com.tr\/tr\/wp-json\/wp\/v2\/types\/post"}],"author":[{"embeddable":true,"href":"https:\/\/www.guzeldagtekstil.com.tr\/tr\/wp-json\/wp\/v2\/users\/1"}],"replies":[{"embeddable":true,"href":"https:\/\/www.guzeldagtekstil.com.tr\/tr\/wp-json\/wp\/v2\/comments?post=244"}],"version-history":[{"count":2,"href":"https:\/\/www.guzeldagtekstil.com.tr\/tr\/wp-json\/wp\/v2\/posts\/244\/revisions"}],"predecessor-version":[{"id":523,"href":"https:\/\/www.guzeldagtekstil.com.tr\/tr\/wp-json\/wp\/v2\/posts\/244\/revisions\/523"}],"wp:featuredmedia":[{"embeddable":true,"href":"https:\/\/www.guzeldagtekstil.com.tr\/tr\/wp-json\/wp\/v2\/media\/522"}],"wp:attachment":[{"href":"https:\/\/www.guzeldagtekstil.com.tr\/tr\/wp-json\/wp\/v2\/media?parent=244"}],"wp:term":[{"taxonomy":"category","embeddable":true,"href":"https:\/\/www.guzeldagtekstil.com.tr\/tr\/wp-json\/wp\/v2\/categories?post=244"},{"taxonomy":"post_tag","embeddable":true,"href":"https:\/\/www.guzeldagtekstil.com.tr\/tr\/wp-json\/wp\/v2\/tags?post=244"}],"curies":[{"name":"wp","href":"https:\/\/api.w.org\/{rel}","templated":true}]}}