{"id":238,"date":"2024-01-05T09:57:18","date_gmt":"2024-01-05T06:57:18","guid":{"rendered":"https:\/\/www.guzeldagtekstil.com.tr\/tr\/?p=238"},"modified":"2023-11-15T12:44:40","modified_gmt":"2023-11-15T09:44:40","slug":"emprime-ve-dijital-baski-arasindaki-farklar-hangisi-size-uyar","status":"publish","type":"post","link":"https:\/\/www.guzeldagtekstil.com.tr\/tr\/emprime-ve-dijital-baski-arasindaki-farklar-hangisi-size-uyar.html","title":{"rendered":"Emprime ve Dijital Bask\u0131 Aras\u0131ndaki Farklar: Hangisi Size Uyar?"},"content":{"rendered":"\n<p>Emprime ve dijital bask\u0131, tasar\u0131mc\u0131lar ve tekstil \u00fcreticileri i\u00e7in kuma\u015flara desenler ve tasar\u0131mlar aktarmak i\u00e7in kullan\u0131lan iki temel bask\u0131 y\u00f6ntemidir ve her birinin kendine \u00f6zg\u00fc avantajlar\u0131 vard\u0131r. Emprime bask\u0131 geleneksel bir y\u00f6ntemdir ve genellikle b\u00fcy\u00fck miktarlarda kuma\u015f \u00fcretimi i\u00e7in tercih edilir. Bu teknik, silindirler arac\u0131l\u0131\u011f\u0131yla desenleri kuma\u015fa aktar\u0131r ve y\u00fcksek kaliteli sonu\u00e7lar sunar. Renkler canl\u0131d\u0131r ve dayan\u0131kl\u0131l\u0131k \u00f6n plandad\u0131r. Ancak, emprime bask\u0131 i\u00e7in ba\u015flang\u0131\u00e7 maliyetleri y\u00fcksek olabilir ve tasar\u0131m de\u011fi\u015fiklikleri zaman al\u0131c\u0131d\u0131r.<\/p>\n\n\n\n<p>Dijital bask\u0131 ise daha yeni bir y\u00f6ntemdir ve kuma\u015flar\u0131n \u00fczerine do\u011frudan desenlerin yazd\u0131r\u0131lmas\u0131n\u0131 sa\u011flar. Bu y\u00f6ntem, \u00f6zellikle k\u00fc\u00e7\u00fck parti \u00fcretimi veya ki\u015fiselle\u015ftirilmi\u015f tasar\u0131mlar i\u00e7in uygundur. Dijital bask\u0131n\u0131n en b\u00fcy\u00fck avantajlar\u0131ndan biri, h\u0131zl\u0131 tasar\u0131m de\u011fi\u015fikliklerine izin vermesi ve daha k\u00fc\u00e7\u00fck miktarlarda \u00fcretim yapabilmesidir. Renk ge\u00e7i\u015fleri ve karma\u015f\u0131k desenler dijital bask\u0131 ile m\u00fckemmel bir \u015fekilde aktar\u0131labilir. Ancak, uzun vadede renk dayan\u0131kl\u0131l\u0131\u011f\u0131 ve a\u015f\u0131nma direnci konusunda emprimeye k\u0131yasla baz\u0131 s\u0131n\u0131rlamalar\u0131 olabilir.<\/p>\n\n\n\n<p>Hangi bask\u0131 y\u00f6nteminin sizin i\u00e7in uygun oldu\u011funu se\u00e7erken, \u00fcretim miktar\u0131, tasar\u0131m karma\u015f\u0131kl\u0131\u011f\u0131 ve b\u00fct\u00e7e gibi fakt\u00f6rleri g\u00f6z \u00f6n\u00fcnde bulundurman\u0131z \u00f6nemlidir. Her iki y\u00f6ntem de benzersiz avantajlar sunar, ve do\u011fru se\u00e7im, ihtiya\u00e7lar\u0131n\u0131za ve projenizin \u00f6zelliklerine ba\u011fl\u0131 olacakt\u0131r. Emprime ve dijital bask\u0131, tekstil d\u00fcnyas\u0131nda yarat\u0131c\u0131 tasar\u0131mlar\u0131n hayata ge\u00e7irilmesi i\u00e7in g\u00fc\u00e7l\u00fc ara\u00e7lar sunar ve her iki tekni\u011fi de dikkatle de\u011ferlendirmek \u00f6nemlidir.<\/p>\n","protected":false},"excerpt":{"rendered":"<p>Emprime ve dijital bask\u0131, tasar\u0131mc\u0131lar ve tekstil \u00fcreticileri i\u00e7in kuma\u015flara desenler ve tasar\u0131mlar aktarmak i\u00e7in kullan\u0131lan iki temel bask\u0131 y\u00f6ntemidir ve her birinin kendine \u00f6zg\u00fc avantajlar\u0131 vard\u0131r. Emprime bask\u0131 geleneksel bir y\u00f6ntemdir ve genellikle b\u00fcy\u00fck miktarlarda kuma\u015f \u00fcretimi i\u00e7in tercih edilir. Bu teknik, silindirler arac\u0131l\u0131\u011f\u0131yla desenleri kuma\u015fa aktar\u0131r ve y\u00fcksek kaliteli sonu\u00e7lar sunar. Renkler canl\u0131d\u0131r [&hellip;]<\/p>\n","protected":false},"author":1,"featured_media":239,"comment_status":"closed","ping_status":"closed","sticky":false,"template":"","format":"standard","meta":{"footnotes":""},"categories":[7],"tags":[37,38],"_links":{"self":[{"href":"https:\/\/www.guzeldagtekstil.com.tr\/tr\/wp-json\/wp\/v2\/posts\/238"}],"collection":[{"href":"https:\/\/www.guzeldagtekstil.com.tr\/tr\/wp-json\/wp\/v2\/posts"}],"about":[{"href":"https:\/\/www.guzeldagtekstil.com.tr\/tr\/wp-json\/wp\/v2\/types\/post"}],"author":[{"embeddable":true,"href":"https:\/\/www.guzeldagtekstil.com.tr\/tr\/wp-json\/wp\/v2\/users\/1"}],"replies":[{"embeddable":true,"href":"https:\/\/www.guzeldagtekstil.com.tr\/tr\/wp-json\/wp\/v2\/comments?post=238"}],"version-history":[{"count":1,"href":"https:\/\/www.guzeldagtekstil.com.tr\/tr\/wp-json\/wp\/v2\/posts\/238\/revisions"}],"predecessor-version":[{"id":240,"href":"https:\/\/www.guzeldagtekstil.com.tr\/tr\/wp-json\/wp\/v2\/posts\/238\/revisions\/240"}],"wp:featuredmedia":[{"embeddable":true,"href":"https:\/\/www.guzeldagtekstil.com.tr\/tr\/wp-json\/wp\/v2\/media\/239"}],"wp:attachment":[{"href":"https:\/\/www.guzeldagtekstil.com.tr\/tr\/wp-json\/wp\/v2\/media?parent=238"}],"wp:term":[{"taxonomy":"category","embeddable":true,"href":"https:\/\/www.guzeldagtekstil.com.tr\/tr\/wp-json\/wp\/v2\/categories?post=238"},{"taxonomy":"post_tag","embeddable":true,"href":"https:\/\/www.guzeldagtekstil.com.tr\/tr\/wp-json\/wp\/v2\/tags?post=238"}],"curies":[{"name":"wp","href":"https:\/\/api.w.org\/{rel}","templated":true}]}}