{"id":235,"date":"2023-11-22T10:19:02","date_gmt":"2023-11-22T07:19:02","guid":{"rendered":"https:\/\/www.guzeldagtekstil.com.tr\/tr\/?p=235"},"modified":"2023-11-15T15:21:09","modified_gmt":"2023-11-15T12:21:09","slug":"emprime-tekniklerinin-kumas-tasarimindaki-kreatif-kullanimi","status":"publish","type":"post","link":"https:\/\/www.guzeldagtekstil.com.tr\/tr\/emprime-tekniklerinin-kumas-tasarimindaki-kreatif-kullanimi.html","title":{"rendered":"Emprime Tekniklerinin Kuma\u015f Tasar\u0131m\u0131ndaki Kreatif Kullan\u0131m\u0131"},"content":{"rendered":"\n<p>Emprime teknikleri, kuma\u015f tasar\u0131m\u0131n\u0131n s\u0131n\u0131rlar\u0131n\u0131 geni\u015fleten ve yarat\u0131c\u0131 potansiyeli art\u0131ran g\u00fc\u00e7l\u00fc bir ara\u00e7 haline gelmi\u015ftir. Kreatif tasar\u0131mc\u0131lar i\u00e7in, emprime bask\u0131, kuma\u015flar\u0131n \u00fczerine canl\u0131 ve \u00f6zg\u00fcn desenlerin aktar\u0131lmas\u0131 i\u00e7in e\u015fsiz bir f\u0131rsat sunar. Kuma\u015flar art\u0131k sadece bir malzeme de\u011fil, bir sanat tuvali haline gelir. Bu teknikler, moda d\u00fcnyas\u0131nda ve di\u011fer tekstil \u00fcr\u00fcnlerinde e\u015fsiz koleksiyonlar\u0131n olu\u015fturulmas\u0131na olanak tan\u0131r.<\/p>\n\n\n\n<p>Emprime tekniklerinin kuma\u015f tasar\u0131m\u0131ndaki kreatif kullan\u0131m\u0131, desenlerin yan\u0131 s\u0131ra renklerin de \u00f6zg\u00fcrce ifade edilmesini sa\u011flar. S\u0131n\u0131rs\u0131z renk paleti, tasar\u0131mc\u0131lara \u00e7e\u015fitli duygusal ve estetik etkiler yaratma f\u0131rsat\u0131 sunar. Ayr\u0131ca, renklerin kuma\u015fa s\u0131k\u0131ca ba\u011fl\u0131 olmas\u0131, uzun s\u00fcre canl\u0131 ve dayan\u0131kl\u0131 kalmas\u0131n\u0131 sa\u011flar, bu da tasar\u0131mc\u0131lar\u0131n eserlerinin uzun \u00f6m\u00fcrl\u00fc olmas\u0131n\u0131 garanti eder.<\/p>\n\n\n\n<p>Emprime tekniklerinin kuma\u015f tasar\u0131m\u0131ndaki kreatif kullan\u0131m\u0131 ayn\u0131 zamanda \u00f6zelle\u015ftirme ve ki\u015fiselle\u015ftirme f\u0131rsatlar\u0131 sunar. M\u00fc\u015fteri taleplerine g\u00f6re \u00f6zel tasar\u0131mlar kolayca uygulanabilir, bu da ki\u015fiselle\u015ftirilmi\u015f tekstil \u00fcr\u00fcnlerinin pop\u00fclerli\u011fini art\u0131r\u0131r. Moda ve i\u00e7 dekorasyon d\u00fcnyas\u0131nda, bu \u00f6zelle\u015ftirme trendi \u00f6nemli bir yer i\u015fgal etmektedir.<\/p>\n\n\n\n<p>Sonu\u00e7 olarak, emprime tekniklerinin kuma\u015f tasar\u0131m\u0131ndaki kreatif kullan\u0131m\u0131, tekstil d\u00fcnyas\u0131nda yarat\u0131c\u0131 bir patlama ya\u015fanmas\u0131n\u0131 sa\u011flam\u0131\u015ft\u0131r. Tasar\u0131mc\u0131lar art\u0131k sadece giyim veya dekorasyon \u00f6\u011feleri \u00fcretmiyor, ayn\u0131 zamanda sanatsal ifadelerini kuma\u015flar \u00fczerinde sergileyebiliyorlar. Bu teknikler, renk, desen ve tasar\u0131m a\u00e7\u0131s\u0131ndan s\u0131n\u0131rs\u0131z olanaklar sunar ve kuma\u015flar\u0131n s\u0131radanl\u0131ktan \u00f6zg\u00fcnl\u00fc\u011fe evrildi\u011fi bir d\u00f6nemi temsil eder. Emprime tekniklerinin kuma\u015f tasar\u0131m\u0131ndaki bu kreatif kullan\u0131m\u0131, gelecekte tekstil sekt\u00f6r\u00fcn\u00fcn yarat\u0131c\u0131 potansiyelini daha da geni\u015fletecek gibi g\u00f6r\u00fcn\u00fcyor.<\/p>\n","protected":false},"excerpt":{"rendered":"<p>Emprime teknikleri, kuma\u015f tasar\u0131m\u0131n\u0131n s\u0131n\u0131rlar\u0131n\u0131 geni\u015fleten ve yarat\u0131c\u0131 potansiyeli art\u0131ran g\u00fc\u00e7l\u00fc bir ara\u00e7 haline gelmi\u015ftir. Kreatif tasar\u0131mc\u0131lar i\u00e7in, emprime bask\u0131, kuma\u015flar\u0131n \u00fczerine canl\u0131 ve \u00f6zg\u00fcn desenlerin aktar\u0131lmas\u0131 i\u00e7in e\u015fsiz bir f\u0131rsat sunar. Kuma\u015flar art\u0131k sadece bir malzeme de\u011fil, bir sanat tuvali haline gelir. Bu teknikler, moda d\u00fcnyas\u0131nda ve di\u011fer tekstil \u00fcr\u00fcnlerinde e\u015fsiz koleksiyonlar\u0131n olu\u015fturulmas\u0131na olanak [&hellip;]<\/p>\n","protected":false},"author":1,"featured_media":526,"comment_status":"closed","ping_status":"closed","sticky":false,"template":"","format":"standard","meta":{"footnotes":""},"categories":[7],"tags":[43,46],"_links":{"self":[{"href":"https:\/\/www.guzeldagtekstil.com.tr\/tr\/wp-json\/wp\/v2\/posts\/235"}],"collection":[{"href":"https:\/\/www.guzeldagtekstil.com.tr\/tr\/wp-json\/wp\/v2\/posts"}],"about":[{"href":"https:\/\/www.guzeldagtekstil.com.tr\/tr\/wp-json\/wp\/v2\/types\/post"}],"author":[{"embeddable":true,"href":"https:\/\/www.guzeldagtekstil.com.tr\/tr\/wp-json\/wp\/v2\/users\/1"}],"replies":[{"embeddable":true,"href":"https:\/\/www.guzeldagtekstil.com.tr\/tr\/wp-json\/wp\/v2\/comments?post=235"}],"version-history":[{"count":2,"href":"https:\/\/www.guzeldagtekstil.com.tr\/tr\/wp-json\/wp\/v2\/posts\/235\/revisions"}],"predecessor-version":[{"id":527,"href":"https:\/\/www.guzeldagtekstil.com.tr\/tr\/wp-json\/wp\/v2\/posts\/235\/revisions\/527"}],"wp:featuredmedia":[{"embeddable":true,"href":"https:\/\/www.guzeldagtekstil.com.tr\/tr\/wp-json\/wp\/v2\/media\/526"}],"wp:attachment":[{"href":"https:\/\/www.guzeldagtekstil.com.tr\/tr\/wp-json\/wp\/v2\/media?parent=235"}],"wp:term":[{"taxonomy":"category","embeddable":true,"href":"https:\/\/www.guzeldagtekstil.com.tr\/tr\/wp-json\/wp\/v2\/categories?post=235"},{"taxonomy":"post_tag","embeddable":true,"href":"https:\/\/www.guzeldagtekstil.com.tr\/tr\/wp-json\/wp\/v2\/tags?post=235"}],"curies":[{"name":"wp","href":"https:\/\/api.w.org\/{rel}","templated":true}]}}