{"id":232,"date":"2023-11-08T10:26:52","date_gmt":"2023-11-08T07:26:52","guid":{"rendered":"https:\/\/www.guzeldagtekstil.com.tr\/tr\/?p=232"},"modified":"2023-11-15T15:13:47","modified_gmt":"2023-11-15T12:13:47","slug":"emprime-baskinin-moda-ve-tekstil-endustrisindeki-yukselisi","status":"publish","type":"post","link":"https:\/\/www.guzeldagtekstil.com.tr\/tr\/emprime-baskinin-moda-ve-tekstil-endustrisindeki-yukselisi.html","title":{"rendered":"Emprime Bask\u0131n\u0131n Moda ve Tekstil End\u00fcstrisindeki Y\u00fckseli\u015fi"},"content":{"rendered":"\n<p>Emprime bask\u0131, son y\u0131llarda moda ve tekstil end\u00fcstrilerinde b\u00fcy\u00fck bir y\u00fckseli\u015f ya\u015fam\u0131\u015ft\u0131r. Bu y\u00fckseli\u015f, bu benzersiz bask\u0131 tekni\u011finin desen ve tasar\u0131m d\u00fcnyas\u0131nda yaratt\u0131\u011f\u0131 devrimci etkilerle a\u00e7\u0131klanabilir. Emprime bask\u0131, kuma\u015f y\u00fczeyine canl\u0131 ve dayan\u0131kl\u0131 desenlerin aktar\u0131lmas\u0131na imkan tan\u0131r, bu da tasar\u0131mc\u0131lar\u0131n yarat\u0131c\u0131l\u0131klar\u0131n\u0131 s\u0131n\u0131rlamadan benzersiz koleksiyonlar olu\u015fturmalar\u0131na olanak sa\u011flar.<\/p>\n\n\n\n<p>Moda end\u00fcstrisinde emprime bask\u0131n\u0131n y\u00fckseli\u015fi, desenlerin ve renklerin kullan\u0131m\u0131ndaki \u00e7e\u015fitlili\u011fi art\u0131rm\u0131\u015ft\u0131r. Klasik ve s\u0131rad\u0131\u015f\u0131 stiller, tekstil \u00fcr\u00fcnlerinin \u00fczerine net ve g\u00f6z al\u0131c\u0131 bir \u015fekilde uygulanabilir. Bu da tasar\u0131mc\u0131lar\u0131n kuma\u015flar\u0131 daha \u00f6zg\u00fcn ve estetik a\u00e7\u0131dan \u00e7ekici hale getirmelerini sa\u011flar.<\/p>\n\n\n\n<p>Ayr\u0131ca, emprime bask\u0131, tekstil \u00fcr\u00fcnlerinin dayan\u0131kl\u0131l\u0131\u011f\u0131n\u0131 art\u0131r\u0131r. Renkler, y\u0131kama ve a\u015f\u0131nmaya kar\u015f\u0131 diren\u00e7li hale gelir, b\u00f6ylece \u00fcr\u00fcnler uzun s\u00fcre boyunca ilk g\u00fcnk\u00fc tazeli\u011fini ve canl\u0131l\u0131\u011f\u0131n\u0131 korur. Bu, t\u00fcketicilere dayan\u0131kl\u0131 ve uzun \u00f6m\u00fcrl\u00fc \u00fcr\u00fcnler sunarken, ayn\u0131 zamanda moda end\u00fcstrisinin s\u00fcrd\u00fcr\u00fclebilirlik \u00e7abalar\u0131n\u0131 destekler.<\/p>\n\n\n\n<p>Emprime bask\u0131 ayr\u0131ca h\u0131z ve \u00f6zelle\u015ftirme avantajlar\u0131 sunar. Di\u011fer bask\u0131 y\u00f6ntemlerine g\u00f6re daha h\u0131zl\u0131d\u0131r ve bu da tasar\u0131mc\u0131lar\u0131n daha h\u0131zl\u0131 \u00fcretim yapmalar\u0131na olanak tan\u0131r. Ayn\u0131 zamanda, m\u00fc\u015fteri taleplerine \u00f6zel tasar\u0131mlar\u0131n kolayca uygulanmas\u0131na imkan tan\u0131r, bu da ki\u015fiselle\u015ftirilmi\u015f \u00fcr\u00fcnlerin pop\u00fclerli\u011fini art\u0131r\u0131r.<\/p>\n\n\n\n<p>Sonu\u00e7 olarak, emprime bask\u0131, moda ve tekstil end\u00fcstrilerinde \u00f6nemli bir yer edinmi\u015f ve tasar\u0131m, dayan\u0131kl\u0131l\u0131k ve h\u0131z a\u00e7\u0131s\u0131ndan b\u00fcy\u00fck avantajlar sunmu\u015ftur. Bu teknik, tekstil d\u00fcnyas\u0131n\u0131n yarat\u0131c\u0131 potansiyelini serbest b\u0131rak\u0131rken, ayn\u0131 zamanda t\u00fcketicilere \u00e7ekici ve uzun \u00f6m\u00fcrl\u00fc \u00fcr\u00fcnler sunar. Emprime bask\u0131n\u0131n bu y\u00fckseli\u015fi, moda ve tekstil sekt\u00f6rlerinin gelece\u011fini \u015fekillendiren \u00f6nemli bir fakt\u00f6rd\u00fcr.<\/p>\n","protected":false},"excerpt":{"rendered":"<p>Emprime bask\u0131, son y\u0131llarda moda ve tekstil end\u00fcstrilerinde b\u00fcy\u00fck bir y\u00fckseli\u015f ya\u015fam\u0131\u015ft\u0131r. Bu y\u00fckseli\u015f, bu benzersiz bask\u0131 tekni\u011finin desen ve tasar\u0131m d\u00fcnyas\u0131nda yaratt\u0131\u011f\u0131 devrimci etkilerle a\u00e7\u0131klanabilir. Emprime bask\u0131, kuma\u015f y\u00fczeyine canl\u0131 ve dayan\u0131kl\u0131 desenlerin aktar\u0131lmas\u0131na imkan tan\u0131r, bu da tasar\u0131mc\u0131lar\u0131n yarat\u0131c\u0131l\u0131klar\u0131n\u0131 s\u0131n\u0131rlamadan benzersiz koleksiyonlar olu\u015fturmalar\u0131na olanak sa\u011flar. Moda end\u00fcstrisinde emprime bask\u0131n\u0131n y\u00fckseli\u015fi, desenlerin ve renklerin [&hellip;]<\/p>\n","protected":false},"author":1,"featured_media":525,"comment_status":"closed","ping_status":"closed","sticky":false,"template":"","format":"standard","meta":{"footnotes":""},"categories":[7],"tags":[18,55,56],"_links":{"self":[{"href":"https:\/\/www.guzeldagtekstil.com.tr\/tr\/wp-json\/wp\/v2\/posts\/232"}],"collection":[{"href":"https:\/\/www.guzeldagtekstil.com.tr\/tr\/wp-json\/wp\/v2\/posts"}],"about":[{"href":"https:\/\/www.guzeldagtekstil.com.tr\/tr\/wp-json\/wp\/v2\/types\/post"}],"author":[{"embeddable":true,"href":"https:\/\/www.guzeldagtekstil.com.tr\/tr\/wp-json\/wp\/v2\/users\/1"}],"replies":[{"embeddable":true,"href":"https:\/\/www.guzeldagtekstil.com.tr\/tr\/wp-json\/wp\/v2\/comments?post=232"}],"version-history":[{"count":1,"href":"https:\/\/www.guzeldagtekstil.com.tr\/tr\/wp-json\/wp\/v2\/posts\/232\/revisions"}],"predecessor-version":[{"id":234,"href":"https:\/\/www.guzeldagtekstil.com.tr\/tr\/wp-json\/wp\/v2\/posts\/232\/revisions\/234"}],"wp:featuredmedia":[{"embeddable":true,"href":"https:\/\/www.guzeldagtekstil.com.tr\/tr\/wp-json\/wp\/v2\/media\/525"}],"wp:attachment":[{"href":"https:\/\/www.guzeldagtekstil.com.tr\/tr\/wp-json\/wp\/v2\/media?parent=232"}],"wp:term":[{"taxonomy":"category","embeddable":true,"href":"https:\/\/www.guzeldagtekstil.com.tr\/tr\/wp-json\/wp\/v2\/categories?post=232"},{"taxonomy":"post_tag","embeddable":true,"href":"https:\/\/www.guzeldagtekstil.com.tr\/tr\/wp-json\/wp\/v2\/tags?post=232"}],"curies":[{"name":"wp","href":"https:\/\/api.w.org\/{rel}","templated":true}]}}