{"id":229,"date":"2023-11-29T10:41:46","date_gmt":"2023-11-29T07:41:46","guid":{"rendered":"https:\/\/www.guzeldagtekstil.com.tr\/tr\/?p=229"},"modified":"2023-11-15T12:47:35","modified_gmt":"2023-11-15T09:47:35","slug":"emprime-teknikleri-kumas-uzerine-desen-ve-tasarim-aktarimi","status":"publish","type":"post","link":"https:\/\/www.guzeldagtekstil.com.tr\/tr\/emprime-teknikleri-kumas-uzerine-desen-ve-tasarim-aktarimi.html","title":{"rendered":"Emprime Teknikleri: Kuma\u015f \u00dczerine Desen ve Tasar\u0131m Aktar\u0131m\u0131"},"content":{"rendered":"\n<p>Emprime teknikleri, kuma\u015f ve tekstil end\u00fcstrisinde \u00f6zel desenlerin ve yarat\u0131c\u0131 tasar\u0131mlar\u0131n kuma\u015f y\u00fczeylerine aktar\u0131lmas\u0131n\u0131 sa\u011flayan son derece \u00f6nemli bir s\u00fcre\u00e7tir. Bu y\u00f6ntem, moda, i\u00e7 dekorasyon, giyim ve di\u011fer tekstil \u00fcr\u00fcnleri alanlar\u0131nda desen ve tasar\u0131m\u0131n hayata ge\u00e7irilmesinde m\u00fckemmel bir esneklik sunar. Kuma\u015flar\u0131n \u00fczerine uygulanan bu teknikler, tekstil \u00fcr\u00fcnlerine benzersiz bir estetik ve g\u00f6rsel \u00e7ekicilik katar.<\/p>\n\n\n\n<p>Emprime i\u015flemi, bir dizi farkl\u0131 teknikle ger\u00e7ekle\u015ftirilebilir. Bunlar aras\u0131nda bask\u0131, serigrafi, transfer bask\u0131 ve dijital bask\u0131 gibi se\u00e7enekler bulunur. Bu teknikler, desenlerin ve tasar\u0131mlar\u0131n kuma\u015f y\u00fczeyine net, canl\u0131 ve dayan\u0131kl\u0131 bir \u015fekilde aktar\u0131lmas\u0131n\u0131 sa\u011flar. Bu, tasar\u0131mc\u0131lar i\u00e7in s\u0131n\u0131rs\u0131z yarat\u0131c\u0131 \u00f6zg\u00fcrl\u00fck sunar ve \u00f6zg\u00fcn koleksiyonlar olu\u015fturman\u0131n kap\u0131lar\u0131n\u0131 a\u00e7ar.<\/p>\n\n\n\n<p>Emprime teknikleri ayr\u0131ca kuma\u015f\u0131n dayan\u0131kl\u0131l\u0131\u011f\u0131n\u0131 art\u0131r\u0131r. Renkler, y\u0131kama ve a\u015f\u0131nmaya kar\u015f\u0131 dayan\u0131kl\u0131 hale gelir, b\u00f6ylece tekstil \u00fcr\u00fcnleri uzun s\u00fcre boyunca ilk g\u00fcnk\u00fc gibi taze ve canl\u0131 kal\u0131r. Ayr\u0131ca, bu y\u00f6ntemler, kuma\u015f\u0131n dokusunu bozmadan desenleri aktard\u0131\u011f\u0131 i\u00e7in kullan\u0131m konforunu art\u0131r\u0131r.<\/p>\n\n\n\n<p>Bu teknikler ayn\u0131 zamanda s\u00fcrd\u00fcr\u00fclebilirlik a\u00e7\u0131s\u0131ndan da \u00f6nemlidir. Geleneksel bask\u0131 y\u00f6ntemlerine g\u00f6re daha az su ve enerji kullan\u0131lmas\u0131n\u0131 sa\u011flar, b\u00f6ylece \u00e7evresel etkiyi azalt\u0131r. Ayn\u0131 zamanda, tekstil end\u00fcstrisinin kaynak t\u00fcketimini minimize eder, bu da \u00e7evre dostu \u00fcr\u00fcnlerin \u00fcretilmesine katk\u0131da bulunur.<\/p>\n\n\n\n<p>Sonu\u00e7 olarak, emprime teknikleri kuma\u015f \u00fczerine desen ve tasar\u0131m aktar\u0131m\u0131 kuma\u015f ve tekstil d\u00fcnyas\u0131nda vazge\u00e7ilmez bir s\u00fcre\u00e7tir. Bu teknikler, estetik, dayan\u0131kl\u0131l\u0131k ve s\u00fcrd\u00fcr\u00fclebilirlik a\u00e7\u0131s\u0131ndan \u00f6nemli bir rol oynar ve tasar\u0131m d\u00fcnyas\u0131n\u0131n s\u0131n\u0131rlar\u0131n\u0131 geni\u015fletir. Bu nedenle, emprime teknikleri, tekstil sekt\u00f6r\u00fcn\u00fcn yarat\u0131c\u0131l\u0131\u011f\u0131n\u0131 ve kalitesini art\u0131rmak i\u00e7in vazge\u00e7ilmez bir ara\u00e7t\u0131r.<\/p>\n","protected":false},"excerpt":{"rendered":"<p>Emprime teknikleri, kuma\u015f ve tekstil end\u00fcstrisinde \u00f6zel desenlerin ve yarat\u0131c\u0131 tasar\u0131mlar\u0131n kuma\u015f y\u00fczeylerine aktar\u0131lmas\u0131n\u0131 sa\u011flayan son derece \u00f6nemli bir s\u00fcre\u00e7tir. Bu y\u00f6ntem, moda, i\u00e7 dekorasyon, giyim ve di\u011fer tekstil \u00fcr\u00fcnleri alanlar\u0131nda desen ve tasar\u0131m\u0131n hayata ge\u00e7irilmesinde m\u00fckemmel bir esneklik sunar. Kuma\u015flar\u0131n \u00fczerine uygulanan bu teknikler, tekstil \u00fcr\u00fcnlerine benzersiz bir estetik ve g\u00f6rsel \u00e7ekicilik katar. Emprime [&hellip;]<\/p>\n","protected":false},"author":1,"featured_media":230,"comment_status":"closed","ping_status":"closed","sticky":false,"template":"","format":"standard","meta":{"footnotes":""},"categories":[7],"tags":[43,44],"_links":{"self":[{"href":"https:\/\/www.guzeldagtekstil.com.tr\/tr\/wp-json\/wp\/v2\/posts\/229"}],"collection":[{"href":"https:\/\/www.guzeldagtekstil.com.tr\/tr\/wp-json\/wp\/v2\/posts"}],"about":[{"href":"https:\/\/www.guzeldagtekstil.com.tr\/tr\/wp-json\/wp\/v2\/types\/post"}],"author":[{"embeddable":true,"href":"https:\/\/www.guzeldagtekstil.com.tr\/tr\/wp-json\/wp\/v2\/users\/1"}],"replies":[{"embeddable":true,"href":"https:\/\/www.guzeldagtekstil.com.tr\/tr\/wp-json\/wp\/v2\/comments?post=229"}],"version-history":[{"count":2,"href":"https:\/\/www.guzeldagtekstil.com.tr\/tr\/wp-json\/wp\/v2\/posts\/229\/revisions"}],"predecessor-version":[{"id":517,"href":"https:\/\/www.guzeldagtekstil.com.tr\/tr\/wp-json\/wp\/v2\/posts\/229\/revisions\/517"}],"wp:featuredmedia":[{"embeddable":true,"href":"https:\/\/www.guzeldagtekstil.com.tr\/tr\/wp-json\/wp\/v2\/media\/230"}],"wp:attachment":[{"href":"https:\/\/www.guzeldagtekstil.com.tr\/tr\/wp-json\/wp\/v2\/media?parent=229"}],"wp:term":[{"taxonomy":"category","embeddable":true,"href":"https:\/\/www.guzeldagtekstil.com.tr\/tr\/wp-json\/wp\/v2\/categories?post=229"},{"taxonomy":"post_tag","embeddable":true,"href":"https:\/\/www.guzeldagtekstil.com.tr\/tr\/wp-json\/wp\/v2\/tags?post=229"}],"curies":[{"name":"wp","href":"https:\/\/api.w.org\/{rel}","templated":true}]}}