{"id":226,"date":"2023-11-15T10:11:22","date_gmt":"2023-11-15T07:11:22","guid":{"rendered":"https:\/\/www.guzeldagtekstil.com.tr\/tr\/?p=226"},"modified":"2023-11-15T12:51:13","modified_gmt":"2023-11-15T09:51:13","slug":"emprime-nedir-kumas-ve-tekstil-dunyasindaki-rolu","status":"publish","type":"post","link":"https:\/\/www.guzeldagtekstil.com.tr\/tr\/emprime-nedir-kumas-ve-tekstil-dunyasindaki-rolu.html","title":{"rendered":"Emprime Nedir? Kuma\u015f ve Tekstil D\u00fcnyas\u0131ndaki Rol\u00fc"},"content":{"rendered":"\n<p>Emprime, kuma\u015f ve tekstil end\u00fcstrisindeki \u00f6nemli bir s\u00fcre\u00e7tir ve bu s\u00fcrecin tekstil d\u00fcnyas\u0131ndaki kritik rol\u00fc, bug\u00fcn\u00fcn moda ve giyim sekt\u00f6r\u00fcn\u00fcn vazge\u00e7ilmez bir par\u00e7as\u0131 haline gelmesini sa\u011flam\u0131\u015ft\u0131r. Emprime, desenlerin ve tasar\u0131mlar\u0131n kuma\u015flara veya tekstil y\u00fczeylerine bask\u0131 yap\u0131lmas\u0131n\u0131 m\u00fcmk\u00fcn k\u0131lar. Bu teknik, tekstil \u00fcr\u00fcnlerine g\u00f6rsel a\u00e7\u0131dan \u00e7ekici bir unsur eklerken, ayn\u0131 zamanda dayan\u0131kl\u0131l\u0131\u011f\u0131 ve renk kalitesini art\u0131r\u0131r.<\/p>\n\n\n\n<p>Emprime, kuma\u015f ve tekstil d\u00fcnyas\u0131nda pek \u00e7ok avantaj sunar. \u0130lk olarak, bu y\u00f6ntem, kuma\u015flar\u0131n \u00fczerine bask\u0131 yapma esnekli\u011fi sa\u011flar, bu da tasar\u0131mc\u0131lara s\u0131n\u0131rs\u0131z yarat\u0131c\u0131 \u00f6zg\u00fcrl\u00fck sunar. Desenler, resimler ve grafikler, kuma\u015f\u0131n dokusu \u00fczerine net ve canl\u0131 bir \u015fekilde uygulanabilir. Bu, moda end\u00fcstrisindeki \u00e7e\u015fitli stillerin ve tasar\u0131mlar\u0131n hayata ge\u00e7irilmesine imkan tan\u0131r.<\/p>\n\n\n\n<p>Ayr\u0131ca, emprime i\u015flemi, kuma\u015flar\u0131n renk dayan\u0131kl\u0131l\u0131\u011f\u0131n\u0131 art\u0131r\u0131r ve uzun \u00f6m\u00fcrl\u00fc \u00fcr\u00fcnlerin \u00fcretilmesine yard\u0131mc\u0131 olur. Renkler, y\u0131kama ve a\u015f\u0131nmaya kar\u015f\u0131 diren\u00e7li hale gelir, bu da kuma\u015f\u0131n uzun s\u00fcre boyunca ilk g\u00fcnk\u00fc gibi g\u00f6r\u00fcnmesini sa\u011flar. Bu, tekstil \u00fcr\u00fcnlerinin kalitesini art\u0131r\u0131rken, t\u00fcketicilere dayan\u0131kl\u0131 ve uzun \u00f6m\u00fcrl\u00fc \u00fcr\u00fcnler sunar.<\/p>\n\n\n\n<p>Emprime ayr\u0131ca s\u00fcrd\u00fcr\u00fclebilirlik a\u00e7\u0131s\u0131ndan da \u00f6nemli bir rol oynar. Bu teknik, di\u011fer bask\u0131 y\u00f6ntemlerine g\u00f6re daha \u00e7evre dostudur, \u00e7\u00fcnk\u00fc su ve enerji tasarrufu sa\u011flar. Bu da tekstil \u00fcretiminde kaynak kullan\u0131m\u0131n\u0131 azaltarak \u00e7evresel etkiyi minimize eder.<\/p>\n\n\n\n<p>Sonu\u00e7 olarak, emprime kuma\u015f ve tekstil end\u00fcstrisindeki \u00f6nemli bir s\u00fcre\u00e7tir ve tasar\u0131m, dayan\u0131kl\u0131l\u0131k ve s\u00fcrd\u00fcr\u00fclebilirlik a\u00e7\u0131s\u0131ndan b\u00fcy\u00fck bir rol oynar. Moda d\u00fcnyas\u0131nda ve di\u011fer tekstil sekt\u00f6rlerinde, emprime tekni\u011fi sayesinde \u00fcr\u00fcnler daha \u00e7ekici hale gelirken, kalite ve uzun \u00f6m\u00fcrl\u00fcl\u00fck de art\u0131r\u0131l\u0131r. Bu nedenle, emprime, tekstil d\u00fcnyas\u0131n\u0131n vazge\u00e7ilmez bir unsuru olarak yerini sa\u011flamla\u015ft\u0131rm\u0131\u015ft\u0131r.<\/p>\n","protected":false},"excerpt":{"rendered":"<p>Emprime, kuma\u015f ve tekstil end\u00fcstrisindeki \u00f6nemli bir s\u00fcre\u00e7tir ve bu s\u00fcrecin tekstil d\u00fcnyas\u0131ndaki kritik rol\u00fc, bug\u00fcn\u00fcn moda ve giyim sekt\u00f6r\u00fcn\u00fcn vazge\u00e7ilmez bir par\u00e7as\u0131 haline gelmesini sa\u011flam\u0131\u015ft\u0131r. Emprime, desenlerin ve tasar\u0131mlar\u0131n kuma\u015flara veya tekstil y\u00fczeylerine bask\u0131 yap\u0131lmas\u0131n\u0131 m\u00fcmk\u00fcn k\u0131lar. Bu teknik, tekstil \u00fcr\u00fcnlerine g\u00f6rsel a\u00e7\u0131dan \u00e7ekici bir unsur eklerken, ayn\u0131 zamanda dayan\u0131kl\u0131l\u0131\u011f\u0131 ve renk kalitesini art\u0131r\u0131r. [&hellip;]<\/p>\n","protected":false},"author":1,"featured_media":228,"comment_status":"closed","ping_status":"closed","sticky":false,"template":"","format":"standard","meta":{"footnotes":""},"categories":[7],"tags":[44,50],"_links":{"self":[{"href":"https:\/\/www.guzeldagtekstil.com.tr\/tr\/wp-json\/wp\/v2\/posts\/226"}],"collection":[{"href":"https:\/\/www.guzeldagtekstil.com.tr\/tr\/wp-json\/wp\/v2\/posts"}],"about":[{"href":"https:\/\/www.guzeldagtekstil.com.tr\/tr\/wp-json\/wp\/v2\/types\/post"}],"author":[{"embeddable":true,"href":"https:\/\/www.guzeldagtekstil.com.tr\/tr\/wp-json\/wp\/v2\/users\/1"}],"replies":[{"embeddable":true,"href":"https:\/\/www.guzeldagtekstil.com.tr\/tr\/wp-json\/wp\/v2\/comments?post=226"}],"version-history":[{"count":1,"href":"https:\/\/www.guzeldagtekstil.com.tr\/tr\/wp-json\/wp\/v2\/posts\/226\/revisions"}],"predecessor-version":[{"id":227,"href":"https:\/\/www.guzeldagtekstil.com.tr\/tr\/wp-json\/wp\/v2\/posts\/226\/revisions\/227"}],"wp:featuredmedia":[{"embeddable":true,"href":"https:\/\/www.guzeldagtekstil.com.tr\/tr\/wp-json\/wp\/v2\/media\/228"}],"wp:attachment":[{"href":"https:\/\/www.guzeldagtekstil.com.tr\/tr\/wp-json\/wp\/v2\/media?parent=226"}],"wp:term":[{"taxonomy":"category","embeddable":true,"href":"https:\/\/www.guzeldagtekstil.com.tr\/tr\/wp-json\/wp\/v2\/categories?post=226"},{"taxonomy":"post_tag","embeddable":true,"href":"https:\/\/www.guzeldagtekstil.com.tr\/tr\/wp-json\/wp\/v2\/tags?post=226"}],"curies":[{"name":"wp","href":"https:\/\/api.w.org\/{rel}","templated":true}]}}