{"id":216,"date":"2023-10-24T10:26:49","date_gmt":"2023-10-24T07:26:49","guid":{"rendered":"https:\/\/www.guzeldagtekstil.com.tr\/tr\/?p=216"},"modified":"2023-11-15T12:56:05","modified_gmt":"2023-11-15T09:56:05","slug":"kumasta-duz-boya-renklerin-ve-kumasin-harmonisi","status":"publish","type":"post","link":"https:\/\/www.guzeldagtekstil.com.tr\/tr\/kumasta-duz-boya-renklerin-ve-kumasin-harmonisi.html","title":{"rendered":"Kuma\u015fta D\u00fcz Boya: Renklerin ve Kuma\u015f\u0131n Harmonisi"},"content":{"rendered":"\n<p>Kuma\u015fta d\u00fcz boya, renklerin ve kuma\u015f\u0131n e\u015fsiz bir harmonisini sunar. Bu \u00f6zel teknik, kuma\u015f\u0131n y\u00fczeyine tek bir renk uygulama s\u00fcrecini ifade eder ve bu sade g\u00f6r\u00fcnen i\u015flem, tasar\u0131m d\u00fcnyas\u0131nda renklerin b\u00fcy\u00fcl\u00fc d\u00fcnyas\u0131yla bulu\u015fur. Renk se\u00e7imi, d\u00fcz boya kuma\u015f tasar\u0131m\u0131n\u0131n temel ta\u015f\u0131d\u0131r. Renkler, tasar\u0131m\u0131n ruhunu ve ki\u015fili\u011fini yans\u0131t\u0131r. Kuma\u015f\u0131n t\u00fcr\u00fc ve dokusu, renklerin nas\u0131l alg\u0131land\u0131\u011f\u0131n\u0131 ve nas\u0131l yay\u0131ld\u0131\u011f\u0131n\u0131 etkiler. Tasar\u0131mc\u0131lar ve sanat\u00e7\u0131lar, renklerin canl\u0131l\u0131\u011f\u0131n\u0131 ve yo\u011funlu\u011funu kuma\u015f\u0131n \u00f6zelliklerine uygun bir \u015fekilde dengelemek i\u00e7in \u00f6zenle \u00e7al\u0131\u015f\u0131rlar. Bu harmoni, kuma\u015fta kullan\u0131lan renklerin g\u00f6rsel etkisini g\u00fc\u00e7lendirir ve tasar\u0131mlar\u0131n dikkat \u00e7ekici olmas\u0131n\u0131 sa\u011flar.<\/p>\n\n\n\n<p>D\u00fcz boya, renklerin kuma\u015fla m\u00fckemmel bir uyum i\u00e7inde oldu\u011fu bir tekniktir. Renklerin kuma\u015fla b\u00fct\u00fcnle\u015fmesi, tasar\u0131m\u0131n g\u00fcc\u00fcn\u00fc ve \u00e7ekicili\u011fini art\u0131r\u0131r. Kuma\u015f\u0131n dokusu ve yap\u0131sal \u00f6zellikleri, d\u00fcz boya ile tasar\u0131m s\u00fcrecini \u015fekillendirir ve renklerin n\u00fcfuz etme \u015feklini etkiler. Sonu\u00e7 olarak, kuma\u015fta d\u00fcz boya renklerin ve kuma\u015f\u0131n harmonisi, estetik ve yarat\u0131c\u0131l\u0131\u011f\u0131n m\u00fckemmel bir birle\u015fimini sunar. Bu tekni\u011fin uygulanmas\u0131, renklerin kuma\u015f\u0131n y\u00fczeyinde nas\u0131l dans etti\u011fini ve tasar\u0131mlar\u0131n ki\u015fili\u011fini nas\u0131l yans\u0131tt\u0131\u011f\u0131n\u0131 anlamay\u0131 gerektirir. Kuma\u015f tasar\u0131m\u0131nda renklerin ve kuma\u015f\u0131n harmonisi, tasar\u0131m\u0131n \u00f6z\u00fcn\u00fc olu\u015fturur ve izleyiciye g\u00f6rsel bir zevk sunar.<\/p>\n","protected":false},"excerpt":{"rendered":"<p>Kuma\u015fta d\u00fcz boya, renklerin ve kuma\u015f\u0131n e\u015fsiz bir harmonisini sunar. Bu \u00f6zel teknik, kuma\u015f\u0131n y\u00fczeyine tek bir renk uygulama s\u00fcrecini ifade eder ve bu sade g\u00f6r\u00fcnen i\u015flem, tasar\u0131m d\u00fcnyas\u0131nda renklerin b\u00fcy\u00fcl\u00fc d\u00fcnyas\u0131yla bulu\u015fur. Renk se\u00e7imi, d\u00fcz boya kuma\u015f tasar\u0131m\u0131n\u0131n temel ta\u015f\u0131d\u0131r. Renkler, tasar\u0131m\u0131n ruhunu ve ki\u015fili\u011fini yans\u0131t\u0131r. Kuma\u015f\u0131n t\u00fcr\u00fc ve dokusu, renklerin nas\u0131l alg\u0131land\u0131\u011f\u0131n\u0131 ve [&hellip;]<\/p>\n","protected":false},"author":1,"featured_media":217,"comment_status":"closed","ping_status":"closed","sticky":false,"template":"","format":"standard","meta":{"footnotes":""},"categories":[7],"tags":[19,39,42,60,61],"_links":{"self":[{"href":"https:\/\/www.guzeldagtekstil.com.tr\/tr\/wp-json\/wp\/v2\/posts\/216"}],"collection":[{"href":"https:\/\/www.guzeldagtekstil.com.tr\/tr\/wp-json\/wp\/v2\/posts"}],"about":[{"href":"https:\/\/www.guzeldagtekstil.com.tr\/tr\/wp-json\/wp\/v2\/types\/post"}],"author":[{"embeddable":true,"href":"https:\/\/www.guzeldagtekstil.com.tr\/tr\/wp-json\/wp\/v2\/users\/1"}],"replies":[{"embeddable":true,"href":"https:\/\/www.guzeldagtekstil.com.tr\/tr\/wp-json\/wp\/v2\/comments?post=216"}],"version-history":[{"count":1,"href":"https:\/\/www.guzeldagtekstil.com.tr\/tr\/wp-json\/wp\/v2\/posts\/216\/revisions"}],"predecessor-version":[{"id":218,"href":"https:\/\/www.guzeldagtekstil.com.tr\/tr\/wp-json\/wp\/v2\/posts\/216\/revisions\/218"}],"wp:featuredmedia":[{"embeddable":true,"href":"https:\/\/www.guzeldagtekstil.com.tr\/tr\/wp-json\/wp\/v2\/media\/217"}],"wp:attachment":[{"href":"https:\/\/www.guzeldagtekstil.com.tr\/tr\/wp-json\/wp\/v2\/media?parent=216"}],"wp:term":[{"taxonomy":"category","embeddable":true,"href":"https:\/\/www.guzeldagtekstil.com.tr\/tr\/wp-json\/wp\/v2\/categories?post=216"},{"taxonomy":"post_tag","embeddable":true,"href":"https:\/\/www.guzeldagtekstil.com.tr\/tr\/wp-json\/wp\/v2\/tags?post=216"}],"curies":[{"name":"wp","href":"https:\/\/api.w.org\/{rel}","templated":true}]}}