{"id":213,"date":"2023-10-18T10:43:18","date_gmt":"2023-10-18T07:43:18","guid":{"rendered":"https:\/\/www.guzeldagtekstil.com.tr\/tr\/?p=213"},"modified":"2023-11-15T12:56:44","modified_gmt":"2023-11-15T09:56:44","slug":"dijital-baski-ile-kumasin-kisisellestirilmesi-ozel-tasarimin-gucu","status":"publish","type":"post","link":"https:\/\/www.guzeldagtekstil.com.tr\/tr\/dijital-baski-ile-kumasin-kisisellestirilmesi-ozel-tasarimin-gucu.html","title":{"rendered":"Dijital Bask\u0131 ile Kuma\u015f\u0131n Ki\u015fiselle\u015ftirilmesi: \u00d6zel Tasar\u0131m\u0131n G\u00fcc\u00fc"},"content":{"rendered":"\n<p>Dijital bask\u0131, kuma\u015f\u0131n ki\u015fiselle\u015ftirilmesi konusunda devrim niteli\u011finde bir de\u011fi\u015fim sunuyor. Art\u0131k giyim, ev tekstili ve di\u011fer tekstil \u00fcr\u00fcnlerini kendi tarz\u0131n\u0131za, duygular\u0131n\u0131za veya ihtiya\u00e7lar\u0131n\u0131za g\u00f6re \u00f6zelle\u015ftirebilirsiniz. Renklerin, desenlerin ve tasar\u0131mlar\u0131n s\u0131n\u0131rs\u0131z kombinasyonlar\u0131 sayesinde, herhangi bir \u00fcr\u00fcn\u00fc benzersiz hale getirebilirsiniz.<\/p>\n\n\n\n<p>Ki\u015fiselle\u015ftirilmi\u015f giyim, moda d\u00fcnyas\u0131nda h\u0131zla b\u00fcy\u00fcyor. Kendi tasarlad\u0131\u011f\u0131n\u0131z desenleri veya sevdi\u011finiz renkleri k\u0131yafetlerin \u00fczerinde g\u00f6rmek, ki\u015fisel ifadenizi vurgular. Ayn\u0131 zamanda, \u00f6zel tasar\u0131mlar moda d\u00fcnyas\u0131n\u0131n standartlar\u0131n\u0131n \u00f6tesine ge\u00e7er, b\u00f6ylece kendinizi ifade etmenin daha fazla yolu vard\u0131r. Ayr\u0131ca, dijital bask\u0131 sayesinde sadece kendi tasar\u0131m\u0131n\u0131z\u0131 giymekle kalmaz, ayn\u0131 zamanda bu tasar\u0131mlar\u0131 payla\u015fabilir veya sat\u0131\u015fa sunabilirsiniz.<\/p>\n\n\n\n<p>Ev dekorasyonunda da benzer bir trend var. Kendi stilinizi yans\u0131tan \u00f6zel perde, yast\u0131k veya d\u00f6\u015feme kuma\u015f\u0131 tasarlamak, ya\u015fam alanlar\u0131n\u0131z\u0131 ki\u015fiselle\u015ftirmenin harika bir yoludur. Bu, evinizin tarz\u0131n\u0131za ve ihtiya\u00e7lar\u0131n\u0131za uygun olmas\u0131n\u0131 sa\u011flar. Dijital bask\u0131, her oday\u0131 kendi yarat\u0131c\u0131 tuvaliniz haline getirir.<\/p>\n\n\n\n<p>Sonu\u00e7 olarak, dijital bask\u0131 ile kuma\u015f\u0131n ki\u015fiselle\u015ftirilmesi, \u00f6zel tasar\u0131m\u0131n g\u00fcc\u00fcn\u00fc vurgular. Renk, desen ve tasar\u0131m\u0131n s\u0131n\u0131rs\u0131z se\u00e7enekleri sayesinde, her \u00fcr\u00fcn\u00fc kendinize \u00f6zg\u00fc bir hikaye anlatan bir par\u00e7a haline getirebilirsiniz. Bu \u00f6zel tasar\u0131m trendi, giyimden ev dekorasyonuna kadar bir\u00e7ok alanda b\u00fcy\u00fck bir etki yarat\u0131rken ayn\u0131 zamanda ki\u015fisel ifade \u00f6zg\u00fcrl\u00fc\u011f\u00fcn\u00fc art\u0131r\u0131r.<\/p>\n","protected":false},"excerpt":{"rendered":"<p>Dijital bask\u0131, kuma\u015f\u0131n ki\u015fiselle\u015ftirilmesi konusunda devrim niteli\u011finde bir de\u011fi\u015fim sunuyor. Art\u0131k giyim, ev tekstili ve di\u011fer tekstil \u00fcr\u00fcnlerini kendi tarz\u0131n\u0131za, duygular\u0131n\u0131za veya ihtiya\u00e7lar\u0131n\u0131za g\u00f6re \u00f6zelle\u015ftirebilirsiniz. Renklerin, desenlerin ve tasar\u0131mlar\u0131n s\u0131n\u0131rs\u0131z kombinasyonlar\u0131 sayesinde, herhangi bir \u00fcr\u00fcn\u00fc benzersiz hale getirebilirsiniz. Ki\u015fiselle\u015ftirilmi\u015f giyim, moda d\u00fcnyas\u0131nda h\u0131zla b\u00fcy\u00fcyor. Kendi tasarlad\u0131\u011f\u0131n\u0131z desenleri veya sevdi\u011finiz renkleri k\u0131yafetlerin \u00fczerinde g\u00f6rmek, ki\u015fisel ifadenizi [&hellip;]<\/p>\n","protected":false},"author":1,"featured_media":214,"comment_status":"closed","ping_status":"closed","sticky":false,"template":"","format":"standard","meta":{"footnotes":""},"categories":[7],"tags":[15,25,62],"_links":{"self":[{"href":"https:\/\/www.guzeldagtekstil.com.tr\/tr\/wp-json\/wp\/v2\/posts\/213"}],"collection":[{"href":"https:\/\/www.guzeldagtekstil.com.tr\/tr\/wp-json\/wp\/v2\/posts"}],"about":[{"href":"https:\/\/www.guzeldagtekstil.com.tr\/tr\/wp-json\/wp\/v2\/types\/post"}],"author":[{"embeddable":true,"href":"https:\/\/www.guzeldagtekstil.com.tr\/tr\/wp-json\/wp\/v2\/users\/1"}],"replies":[{"embeddable":true,"href":"https:\/\/www.guzeldagtekstil.com.tr\/tr\/wp-json\/wp\/v2\/comments?post=213"}],"version-history":[{"count":1,"href":"https:\/\/www.guzeldagtekstil.com.tr\/tr\/wp-json\/wp\/v2\/posts\/213\/revisions"}],"predecessor-version":[{"id":215,"href":"https:\/\/www.guzeldagtekstil.com.tr\/tr\/wp-json\/wp\/v2\/posts\/213\/revisions\/215"}],"wp:featuredmedia":[{"embeddable":true,"href":"https:\/\/www.guzeldagtekstil.com.tr\/tr\/wp-json\/wp\/v2\/media\/214"}],"wp:attachment":[{"href":"https:\/\/www.guzeldagtekstil.com.tr\/tr\/wp-json\/wp\/v2\/media?parent=213"}],"wp:term":[{"taxonomy":"category","embeddable":true,"href":"https:\/\/www.guzeldagtekstil.com.tr\/tr\/wp-json\/wp\/v2\/categories?post=213"},{"taxonomy":"post_tag","embeddable":true,"href":"https:\/\/www.guzeldagtekstil.com.tr\/tr\/wp-json\/wp\/v2\/tags?post=213"}],"curies":[{"name":"wp","href":"https:\/\/api.w.org\/{rel}","templated":true}]}}