{"id":210,"date":"2023-10-10T11:02:39","date_gmt":"2023-10-10T08:02:39","guid":{"rendered":"https:\/\/www.guzeldagtekstil.com.tr\/tr\/?p=210"},"modified":"2023-11-15T12:58:11","modified_gmt":"2023-11-15T09:58:11","slug":"duz-boya-kumasin-farkli-kullanim-alanlari-giyimden-ev-dekorasyonuna","status":"publish","type":"post","link":"https:\/\/www.guzeldagtekstil.com.tr\/tr\/duz-boya-kumasin-farkli-kullanim-alanlari-giyimden-ev-dekorasyonuna.html","title":{"rendered":"D\u00fcz Boya Kuma\u015f\u0131n Farkl\u0131 Kullan\u0131m Alanlar\u0131: Giyimden Ev Dekorasyonuna"},"content":{"rendered":"\n<p>D\u00fcz boya kuma\u015flar, \u00e7ok y\u00f6nl\u00fcl\u00fckleriyle bilinir ve farkl\u0131 kullan\u0131m alanlar\u0131nda s\u0131k\u00e7a tercih edilir. Giyim d\u00fcnyas\u0131nda, bu kuma\u015flar minimalist ve zarif giyim par\u00e7alar\u0131n\u0131n olu\u015fturulmas\u0131nda \u00f6nemli bir rol oynar. Tek renkli kuma\u015flar, temiz \u00e7izgilerle tasarlanm\u0131\u015f elbiseler, g\u00f6mlekler ve pantolonlar i\u00e7in m\u00fckemmel bir se\u00e7enek sunar. Bununla birlikte, ev dekorasyonunda da d\u00fcz boya kuma\u015flar olduk\u00e7a pop\u00fclerdir. Yatak \u00f6rt\u00fcleri, perdeler, minderler ve masa \u00f6rt\u00fcleri gibi \u00fcr\u00fcnlerde kullan\u0131ld\u0131\u011f\u0131nda, sadelik ve sofistike zarafeti vurgular. D\u00fcz boya kuma\u015flar ayn\u0131 zamanda \u00e7anta, aksesuarlar ve hatta mobilya kaplamalar\u0131nda da tercih edilir. Bu \u00e7ok y\u00f6nl\u00fc kuma\u015flar, tasar\u0131m d\u00fcnyas\u0131n\u0131n bir\u00e7ok y\u00f6n\u00fcnde estetik ve i\u015flevselli\u011fi bir araya getirir. Giyimden ev dekorasyonuna, d\u00fcz boya kuma\u015flar farkl\u0131 kullan\u0131m alanlar\u0131nda benzersiz bir zarafet sunar ve tasar\u0131mc\u0131lara yarat\u0131c\u0131l\u0131kla dolu bir palet sunar. Bu nedenle, bu kuma\u015flar tasar\u0131m d\u00fcnyas\u0131nda vazge\u00e7ilmez bir malzeme olarak kabul edilir ve her iki d\u00fcnyada da b\u00fcy\u00fck bir etki yarat\u0131r.<\/p>\n","protected":false},"excerpt":{"rendered":"<p>D\u00fcz boya kuma\u015flar, \u00e7ok y\u00f6nl\u00fcl\u00fckleriyle bilinir ve farkl\u0131 kullan\u0131m alanlar\u0131nda s\u0131k\u00e7a tercih edilir. Giyim d\u00fcnyas\u0131nda, bu kuma\u015flar minimalist ve zarif giyim par\u00e7alar\u0131n\u0131n olu\u015fturulmas\u0131nda \u00f6nemli bir rol oynar. Tek renkli kuma\u015flar, temiz \u00e7izgilerle tasarlanm\u0131\u015f elbiseler, g\u00f6mlekler ve pantolonlar i\u00e7in m\u00fckemmel bir se\u00e7enek sunar. Bununla birlikte, ev dekorasyonunda da d\u00fcz boya kuma\u015flar olduk\u00e7a pop\u00fclerdir. Yatak \u00f6rt\u00fcleri, perdeler, [&hellip;]<\/p>\n","protected":false},"author":1,"featured_media":211,"comment_status":"closed","ping_status":"closed","sticky":false,"template":"","format":"standard","meta":{"footnotes":""},"categories":[7],"tags":[64,65,66],"_links":{"self":[{"href":"https:\/\/www.guzeldagtekstil.com.tr\/tr\/wp-json\/wp\/v2\/posts\/210"}],"collection":[{"href":"https:\/\/www.guzeldagtekstil.com.tr\/tr\/wp-json\/wp\/v2\/posts"}],"about":[{"href":"https:\/\/www.guzeldagtekstil.com.tr\/tr\/wp-json\/wp\/v2\/types\/post"}],"author":[{"embeddable":true,"href":"https:\/\/www.guzeldagtekstil.com.tr\/tr\/wp-json\/wp\/v2\/users\/1"}],"replies":[{"embeddable":true,"href":"https:\/\/www.guzeldagtekstil.com.tr\/tr\/wp-json\/wp\/v2\/comments?post=210"}],"version-history":[{"count":1,"href":"https:\/\/www.guzeldagtekstil.com.tr\/tr\/wp-json\/wp\/v2\/posts\/210\/revisions"}],"predecessor-version":[{"id":212,"href":"https:\/\/www.guzeldagtekstil.com.tr\/tr\/wp-json\/wp\/v2\/posts\/210\/revisions\/212"}],"wp:featuredmedia":[{"embeddable":true,"href":"https:\/\/www.guzeldagtekstil.com.tr\/tr\/wp-json\/wp\/v2\/media\/211"}],"wp:attachment":[{"href":"https:\/\/www.guzeldagtekstil.com.tr\/tr\/wp-json\/wp\/v2\/media?parent=210"}],"wp:term":[{"taxonomy":"category","embeddable":true,"href":"https:\/\/www.guzeldagtekstil.com.tr\/tr\/wp-json\/wp\/v2\/categories?post=210"},{"taxonomy":"post_tag","embeddable":true,"href":"https:\/\/www.guzeldagtekstil.com.tr\/tr\/wp-json\/wp\/v2\/tags?post=210"}],"curies":[{"name":"wp","href":"https:\/\/api.w.org\/{rel}","templated":true}]}}