{"id":207,"date":"2023-10-04T10:59:56","date_gmt":"2023-10-04T07:59:56","guid":{"rendered":"https:\/\/www.guzeldagtekstil.com.tr\/tr\/?p=207"},"modified":"2023-11-15T12:59:13","modified_gmt":"2023-11-15T09:59:13","slug":"kumasta-dijital-baski-ve-tasarim-sanatcilar-icin-yeni-bir-tuval","status":"publish","type":"post","link":"https:\/\/www.guzeldagtekstil.com.tr\/tr\/kumasta-dijital-baski-ve-tasarim-sanatcilar-icin-yeni-bir-tuval.html","title":{"rendered":"Kuma\u015fta Dijital Bask\u0131 ve Tasar\u0131m: Sanat\u00e7\u0131lar i\u00e7in Yeni Bir Tuval"},"content":{"rendered":"\n<p>Kuma\u015fta dijital bask\u0131 ve tasar\u0131m, sanat d\u00fcnyas\u0131nda yeni bir tuval sunuyor. Sanat\u00e7\u0131lar i\u00e7in, geleneksel tuvalin \u00f6tesindeki bu dijital platform, renk, desen ve detaylar\u0131n ifadesini zenginle\u015ftirmenin bir yolu haline geldi. Dijital bask\u0131 teknolojisi, sanat\u00e7\u0131lara yarat\u0131c\u0131 eserlerini kuma\u015f\u0131n dokusunda ve renklerinde ifade etme f\u0131rsat\u0131 sunar. Bu, sanat\u00e7\u0131lar\u0131n s\u0131n\u0131rlar\u0131 zorlamas\u0131na ve \u00f6zg\u00fcn tasar\u0131mlar yaratmas\u0131na olanak tan\u0131r.<\/p>\n\n\n\n<p>Dijital bask\u0131n\u0131n sundu\u011fu yarat\u0131c\u0131 \u00f6zg\u00fcrl\u00fck, sanat\u00e7\u0131lar\u0131 geleneksel s\u0131n\u0131rlamalardan kurtar\u0131r. Renk paleti, tasar\u0131m\u0131n \u00f6zg\u00fcnl\u00fc\u011f\u00fcn\u00fc vurgularken, y\u00fcksek \u00e7\u00f6z\u00fcn\u00fcrl\u00fck sayesinde detaylar hassas bir \u015fekilde ifade edilebilir. Bu, sanat\u00e7\u0131lara eserlerini kuma\u015f\u0131n \u00fczerine dikkatlice i\u015fleme ve her bir ince ayr\u0131nt\u0131y\u0131 koruma \u015fans\u0131 verir.<\/p>\n\n\n\n<p>Ayn\u0131 zamanda, dijital bask\u0131 sanat\u0131n ticarile\u015fmesi ve pazarlanmas\u0131 a\u00e7\u0131s\u0131ndan da yeni olanaklar sunar. Sanat\u00e7\u0131lar, tasar\u0131mlar\u0131n\u0131 kuma\u015f \u00fczerinde s\u0131n\u0131rs\u0131z bir \u015fekilde \u00e7o\u011faltabilir ve m\u00fc\u015fterilere sunabilirler. \u00d6zellikle \u00f6zelle\u015ftirilmi\u015f tasar\u0131mlar\u0131n pop\u00fclerli\u011fi artt\u0131k\u00e7a, sanat\u00e7\u0131lar ki\u015fisel taleplere h\u0131zl\u0131 bir \u015fekilde yan\u0131t verme f\u0131rsat\u0131 bulurlar.<\/p>\n\n\n\n<p>Sonu\u00e7 olarak, kuma\u015fta dijital bask\u0131 ve tasar\u0131m, sanat\u00e7\u0131lar i\u00e7in yeni bir tuval sunar. Bu teknoloji, sanat\u0131n s\u0131n\u0131rlar\u0131n\u0131 geni\u015fletirken ayn\u0131 zamanda ticari ba\u015far\u0131 i\u00e7in de yeni f\u0131rsatlar yarat\u0131r. Sanat d\u00fcnyas\u0131n\u0131n dijital bask\u0131 ile bulu\u015fmas\u0131, yarat\u0131c\u0131l\u0131\u011f\u0131n s\u0131n\u0131rlar\u0131n\u0131 zorlarken ayn\u0131 zamanda yeni sanatsal ifade bi\u00e7imlerinin kap\u0131lar\u0131n\u0131 aralar.<\/p>\n","protected":false},"excerpt":{"rendered":"<p>Kuma\u015fta dijital bask\u0131 ve tasar\u0131m, sanat d\u00fcnyas\u0131nda yeni bir tuval sunuyor. Sanat\u00e7\u0131lar i\u00e7in, geleneksel tuvalin \u00f6tesindeki bu dijital platform, renk, desen ve detaylar\u0131n ifadesini zenginle\u015ftirmenin bir yolu haline geldi. Dijital bask\u0131 teknolojisi, sanat\u00e7\u0131lara yarat\u0131c\u0131 eserlerini kuma\u015f\u0131n dokusunda ve renklerinde ifade etme f\u0131rsat\u0131 sunar. Bu, sanat\u00e7\u0131lar\u0131n s\u0131n\u0131rlar\u0131 zorlamas\u0131na ve \u00f6zg\u00fcn tasar\u0131mlar yaratmas\u0131na olanak tan\u0131r. Dijital bask\u0131n\u0131n [&hellip;]<\/p>\n","protected":false},"author":1,"featured_media":208,"comment_status":"closed","ping_status":"closed","sticky":false,"template":"","format":"standard","meta":{"footnotes":""},"categories":[7],"tags":[53,67,68],"_links":{"self":[{"href":"https:\/\/www.guzeldagtekstil.com.tr\/tr\/wp-json\/wp\/v2\/posts\/207"}],"collection":[{"href":"https:\/\/www.guzeldagtekstil.com.tr\/tr\/wp-json\/wp\/v2\/posts"}],"about":[{"href":"https:\/\/www.guzeldagtekstil.com.tr\/tr\/wp-json\/wp\/v2\/types\/post"}],"author":[{"embeddable":true,"href":"https:\/\/www.guzeldagtekstil.com.tr\/tr\/wp-json\/wp\/v2\/users\/1"}],"replies":[{"embeddable":true,"href":"https:\/\/www.guzeldagtekstil.com.tr\/tr\/wp-json\/wp\/v2\/comments?post=207"}],"version-history":[{"count":1,"href":"https:\/\/www.guzeldagtekstil.com.tr\/tr\/wp-json\/wp\/v2\/posts\/207\/revisions"}],"predecessor-version":[{"id":209,"href":"https:\/\/www.guzeldagtekstil.com.tr\/tr\/wp-json\/wp\/v2\/posts\/207\/revisions\/209"}],"wp:featuredmedia":[{"embeddable":true,"href":"https:\/\/www.guzeldagtekstil.com.tr\/tr\/wp-json\/wp\/v2\/media\/208"}],"wp:attachment":[{"href":"https:\/\/www.guzeldagtekstil.com.tr\/tr\/wp-json\/wp\/v2\/media?parent=207"}],"wp:term":[{"taxonomy":"category","embeddable":true,"href":"https:\/\/www.guzeldagtekstil.com.tr\/tr\/wp-json\/wp\/v2\/categories?post=207"},{"taxonomy":"post_tag","embeddable":true,"href":"https:\/\/www.guzeldagtekstil.com.tr\/tr\/wp-json\/wp\/v2\/tags?post=207"}],"curies":[{"name":"wp","href":"https:\/\/api.w.org\/{rel}","templated":true}]}}