{"id":201,"date":"2023-09-20T10:56:42","date_gmt":"2023-09-20T07:56:42","guid":{"rendered":"https:\/\/www.guzeldagtekstil.com.tr\/tr\/?p=201"},"modified":"2023-11-15T13:01:36","modified_gmt":"2023-11-15T10:01:36","slug":"kumasta-dijital-baski-teknolojilerinin-gelecegi-yeni-trendler-ve-inovasyonlar","status":"publish","type":"post","link":"https:\/\/www.guzeldagtekstil.com.tr\/tr\/kumasta-dijital-baski-teknolojilerinin-gelecegi-yeni-trendler-ve-inovasyonlar.html","title":{"rendered":"Kuma\u015fta Dijital Bask\u0131 Teknolojilerinin Gelece\u011fi: Yeni Trendler ve \u0130novasyonlar"},"content":{"rendered":"\n<p>Kuma\u015fta dijital bask\u0131 teknolojilerinin gelece\u011fi, moda ve tekstil end\u00fcstrisinde heyecan verici yeni trendler ve inovasyonlarla doludur. Bu teknolojiler, s\u00fcrekli olarak geli\u015fmekte ve geni\u015flemektedir. \u00d6zellikle s\u00fcrd\u00fcr\u00fclebilirlik odakl\u0131 e\u011filimler, dijital bask\u0131y\u0131 tekstil sekt\u00f6r\u00fcn\u00fcn ye\u015fil d\u00f6n\u00fc\u015f\u00fcm\u00fcnde kilit bir rol oynamaya te\u015fvik etmektedir. Su bazl\u0131 m\u00fcrekkepler, geri d\u00f6n\u00fc\u015ft\u00fcr\u00fclebilir kuma\u015flar ve enerji verimlili\u011fi konular\u0131nda yap\u0131lan ara\u015ft\u0131rmalar, gelecekte daha \u00e7evre dostu ve s\u00fcrd\u00fcr\u00fclebilir bir \u00fcretim sa\u011flamak i\u00e7in dijital bask\u0131n\u0131n kullan\u0131m\u0131n\u0131 art\u0131rmaktad\u0131r.<\/p>\n\n\n\n<p>Ayr\u0131ca, ki\u015fiselle\u015ftirilmi\u015f giyim ve ev tekstili \u00fcr\u00fcnlerinin talebindeki art\u0131\u015f, dijital bask\u0131n\u0131n moda d\u00fcnyas\u0131ndaki etkisini g\u00fc\u00e7lendirmektedir. M\u00fc\u015fteriler, kendi tasar\u0131mlar\u0131n\u0131 veya tercih ettikleri desenleri se\u00e7me f\u0131rsat\u0131 bulmak istiyorlar. Bu, markalar i\u00e7in h\u0131zl\u0131 \u00fcretim ve m\u00fc\u015fteri memnuniyetini art\u0131rma f\u0131rsat\u0131 sunar. Y\u00fcksek \u00e7\u00f6z\u00fcn\u00fcrl\u00fckl\u00fc bask\u0131lar ve geli\u015fmi\u015f renk y\u00f6netimi, tasar\u0131mc\u0131lara daha fazla yarat\u0131c\u0131 \u00f6zg\u00fcrl\u00fck tan\u0131r ve sonu\u00e7lar \u00fczerinde daha fazla kontrol sa\u011flar.<\/p>\n\n\n\n<p>Dijital bask\u0131n\u0131n gelece\u011findeki bir di\u011fer \u00f6nemli trend, daha ak\u0131ll\u0131 \u00fcretim s\u00fcre\u00e7lerine do\u011fru bir kayma g\u00f6stermektedir. Otomasyon, yapay zeka ve veri analiti\u011fi gibi yeni teknolojiler, \u00fcretim verimlili\u011fini art\u0131rmak ve hatalar\u0131 minimize etmek i\u00e7in kullan\u0131lmaktad\u0131r. Bu, kuma\u015f tasar\u0131m\u0131ndan son \u00fcr\u00fcne kadar t\u00fcm \u00fcretim s\u00fcre\u00e7lerini optimize etmeyi hedefler.<\/p>\n\n\n\n<p>Sonu\u00e7 olarak, kuma\u015fta dijital bask\u0131 teknolojilerinin gelece\u011fi, s\u00fcrd\u00fcr\u00fclebilirlik, ki\u015fiselle\u015ftirme ve ak\u0131ll\u0131 \u00fcretim gibi alanlarda b\u00fcy\u00fck f\u0131rsatlar sunmaktad\u0131r. Bu teknolojiler, moda ve tekstil end\u00fcstrisini daha s\u00fcrd\u00fcr\u00fclebilir, yarat\u0131c\u0131 ve m\u00fc\u015fteri odakl\u0131 bir gelece\u011fe ta\u015f\u0131yor. Gelecekteki dijital bask\u0131 trendleri ve inovasyonlar\u0131, end\u00fcstrinin d\u00f6n\u00fc\u015f\u00fcm\u00fcn\u00fc h\u0131zland\u0131rmaya devam edecektir.<\/p>\n","protected":false},"excerpt":{"rendered":"<p>Kuma\u015fta dijital bask\u0131 teknolojilerinin gelece\u011fi, moda ve tekstil end\u00fcstrisinde heyecan verici yeni trendler ve inovasyonlarla doludur. Bu teknolojiler, s\u00fcrekli olarak geli\u015fmekte ve geni\u015flemektedir. \u00d6zellikle s\u00fcrd\u00fcr\u00fclebilirlik odakl\u0131 e\u011filimler, dijital bask\u0131y\u0131 tekstil sekt\u00f6r\u00fcn\u00fcn ye\u015fil d\u00f6n\u00fc\u015f\u00fcm\u00fcnde kilit bir rol oynamaya te\u015fvik etmektedir. Su bazl\u0131 m\u00fcrekkepler, geri d\u00f6n\u00fc\u015ft\u00fcr\u00fclebilir kuma\u015flar ve enerji verimlili\u011fi konular\u0131nda yap\u0131lan ara\u015ft\u0131rmalar, gelecekte daha \u00e7evre dostu [&hellip;]<\/p>\n","protected":false},"author":1,"featured_media":202,"comment_status":"closed","ping_status":"closed","sticky":false,"template":"","format":"standard","meta":{"footnotes":""},"categories":[7],"tags":[73,74],"_links":{"self":[{"href":"https:\/\/www.guzeldagtekstil.com.tr\/tr\/wp-json\/wp\/v2\/posts\/201"}],"collection":[{"href":"https:\/\/www.guzeldagtekstil.com.tr\/tr\/wp-json\/wp\/v2\/posts"}],"about":[{"href":"https:\/\/www.guzeldagtekstil.com.tr\/tr\/wp-json\/wp\/v2\/types\/post"}],"author":[{"embeddable":true,"href":"https:\/\/www.guzeldagtekstil.com.tr\/tr\/wp-json\/wp\/v2\/users\/1"}],"replies":[{"embeddable":true,"href":"https:\/\/www.guzeldagtekstil.com.tr\/tr\/wp-json\/wp\/v2\/comments?post=201"}],"version-history":[{"count":1,"href":"https:\/\/www.guzeldagtekstil.com.tr\/tr\/wp-json\/wp\/v2\/posts\/201\/revisions"}],"predecessor-version":[{"id":203,"href":"https:\/\/www.guzeldagtekstil.com.tr\/tr\/wp-json\/wp\/v2\/posts\/201\/revisions\/203"}],"wp:featuredmedia":[{"embeddable":true,"href":"https:\/\/www.guzeldagtekstil.com.tr\/tr\/wp-json\/wp\/v2\/media\/202"}],"wp:attachment":[{"href":"https:\/\/www.guzeldagtekstil.com.tr\/tr\/wp-json\/wp\/v2\/media?parent=201"}],"wp:term":[{"taxonomy":"category","embeddable":true,"href":"https:\/\/www.guzeldagtekstil.com.tr\/tr\/wp-json\/wp\/v2\/categories?post=201"},{"taxonomy":"post_tag","embeddable":true,"href":"https:\/\/www.guzeldagtekstil.com.tr\/tr\/wp-json\/wp\/v2\/tags?post=201"}],"curies":[{"name":"wp","href":"https:\/\/api.w.org\/{rel}","templated":true}]}}