{"id":198,"date":"2023-09-12T10:29:56","date_gmt":"2023-09-12T07:29:56","guid":{"rendered":"https:\/\/www.guzeldagtekstil.com.tr\/tr\/?p=198"},"modified":"2023-11-15T13:03:25","modified_gmt":"2023-11-15T10:03:25","slug":"duz-boya-ve-tek-renk-kumasta-minimalist-tasarimin-buyusu","status":"publish","type":"post","link":"https:\/\/www.guzeldagtekstil.com.tr\/tr\/duz-boya-ve-tek-renk-kumasta-minimalist-tasarimin-buyusu.html","title":{"rendered":"D\u00fcz Boya ve Tek Renk: Kuma\u015fta Minimalist Tasar\u0131m\u0131n B\u00fcy\u00fcs\u00fc"},"content":{"rendered":"\n<p>D\u00fcz boya ve tek renk, kuma\u015f tasar\u0131m\u0131nda minimalist esteti\u011fi ve sadeli\u011fi temsil eder. Bu teknik, kuma\u015f\u0131n y\u00fczeyine tek bir renk uygulama s\u00fcrecini i\u00e7erir, ancak basitli\u011fin ard\u0131nda b\u00fcy\u00fcl\u00fc bir d\u00fcnya gizlidir. Minimalist tasar\u0131m, her zaman moda ve i\u00e7 mekan dekorasyonunun \u00f6z\u00fcnde olmu\u015ftur ve d\u00fcz boya, bu konsepti m\u00fckemmel bir \u015fekilde yans\u0131t\u0131r. Tek renkli kuma\u015flar, temiz \u00e7izgiler ve sade detaylarla tasarlanan giyim par\u00e7alar\u0131n\u0131n, ev tekstili \u00fcr\u00fcnlerinin ve aksesuarlar\u0131n ana malzemelerindendir. Bu, zarafetin ve \u015f\u0131kl\u0131\u011f\u0131n simgesidir. Ayn\u0131 zamanda, tek renkli kuma\u015flar, sade tasar\u0131m\u0131n klasik ve zamans\u0131z bir ifadesini sunar ve bu nedenle her mevsim ve her d\u00f6nemde ge\u00e7erlili\u011fini korur. Minimalist tasar\u0131m, i\u015flevselli\u011fi ve esteti\u011fi bir araya getirirken, d\u00fcz boya kuma\u015flar da bu felsefenin temsilcisi olmu\u015ftur. Tek renk ve d\u00fcz boya ile yarat\u0131lan tasar\u0131mlar, sadelikteki b\u00fcy\u00fcn\u00fcn g\u00fczelli\u011fini kutlar ve tasar\u0131mc\u0131lara yarat\u0131c\u0131l\u0131kla dolu bir tuval sunar. Bu nedenle, d\u00fcz boya ve tek renk, minimalist tasar\u0131m\u0131n b\u00fcy\u00fcs\u00fcn\u00fc ve zarafetini yans\u0131tan kuma\u015flard\u0131r ve moda d\u00fcnyas\u0131n\u0131n ve i\u00e7 mekan dekorasyonunun temel ta\u015flar\u0131d\u0131r.<\/p>\n","protected":false},"excerpt":{"rendered":"<p>D\u00fcz boya ve tek renk, kuma\u015f tasar\u0131m\u0131nda minimalist esteti\u011fi ve sadeli\u011fi temsil eder. Bu teknik, kuma\u015f\u0131n y\u00fczeyine tek bir renk uygulama s\u00fcrecini i\u00e7erir, ancak basitli\u011fin ard\u0131nda b\u00fcy\u00fcl\u00fc bir d\u00fcnya gizlidir. Minimalist tasar\u0131m, her zaman moda ve i\u00e7 mekan dekorasyonunun \u00f6z\u00fcnde olmu\u015ftur ve d\u00fcz boya, bu konsepti m\u00fckemmel bir \u015fekilde yans\u0131t\u0131r. Tek renkli kuma\u015flar, temiz \u00e7izgiler [&hellip;]<\/p>\n","protected":false},"author":1,"featured_media":199,"comment_status":"closed","ping_status":"closed","sticky":false,"template":"","format":"standard","meta":{"footnotes":""},"categories":[7],"tags":[78,79],"_links":{"self":[{"href":"https:\/\/www.guzeldagtekstil.com.tr\/tr\/wp-json\/wp\/v2\/posts\/198"}],"collection":[{"href":"https:\/\/www.guzeldagtekstil.com.tr\/tr\/wp-json\/wp\/v2\/posts"}],"about":[{"href":"https:\/\/www.guzeldagtekstil.com.tr\/tr\/wp-json\/wp\/v2\/types\/post"}],"author":[{"embeddable":true,"href":"https:\/\/www.guzeldagtekstil.com.tr\/tr\/wp-json\/wp\/v2\/users\/1"}],"replies":[{"embeddable":true,"href":"https:\/\/www.guzeldagtekstil.com.tr\/tr\/wp-json\/wp\/v2\/comments?post=198"}],"version-history":[{"count":1,"href":"https:\/\/www.guzeldagtekstil.com.tr\/tr\/wp-json\/wp\/v2\/posts\/198\/revisions"}],"predecessor-version":[{"id":200,"href":"https:\/\/www.guzeldagtekstil.com.tr\/tr\/wp-json\/wp\/v2\/posts\/198\/revisions\/200"}],"wp:featuredmedia":[{"embeddable":true,"href":"https:\/\/www.guzeldagtekstil.com.tr\/tr\/wp-json\/wp\/v2\/media\/199"}],"wp:attachment":[{"href":"https:\/\/www.guzeldagtekstil.com.tr\/tr\/wp-json\/wp\/v2\/media?parent=198"}],"wp:term":[{"taxonomy":"category","embeddable":true,"href":"https:\/\/www.guzeldagtekstil.com.tr\/tr\/wp-json\/wp\/v2\/categories?post=198"},{"taxonomy":"post_tag","embeddable":true,"href":"https:\/\/www.guzeldagtekstil.com.tr\/tr\/wp-json\/wp\/v2\/tags?post=198"}],"curies":[{"name":"wp","href":"https:\/\/api.w.org\/{rel}","templated":true}]}}