{"id":195,"date":"2023-09-06T10:48:53","date_gmt":"2023-09-06T07:48:53","guid":{"rendered":"https:\/\/www.guzeldagtekstil.com.tr\/tr\/?p=195"},"modified":"2023-11-15T13:04:14","modified_gmt":"2023-11-15T10:04:14","slug":"kumasta-dijital-baskinin-tarihcesi-ve-gelisimi","status":"publish","type":"post","link":"https:\/\/www.guzeldagtekstil.com.tr\/tr\/kumasta-dijital-baskinin-tarihcesi-ve-gelisimi.html","title":{"rendered":"Kuma\u015fta Dijital Bask\u0131n\u0131n Tarih\u00e7esi ve Geli\u015fimi"},"content":{"rendered":"\n<p>Kuma\u015fta dijital bask\u0131n\u0131n tarih\u00e7esi ve geli\u015fimi, tekstil end\u00fcstrisinde bir devrim yaratm\u0131\u015f bir teknolojiyi izler. 1990&#8217;lar\u0131n sonlar\u0131na do\u011fru, dijital bask\u0131 makinelerinin ilk kullan\u0131m\u0131yla bu teknoloji hayat\u0131m\u0131za girdi. \u0130lk ba\u015fta s\u0131n\u0131rl\u0131 renk se\u00e7enekleri ve d\u00fc\u015f\u00fck bask\u0131 h\u0131zlar\u0131 ile s\u0131n\u0131rl\u0131yd\u0131, ancak s\u00fcrekli geli\u015fmelerle h\u0131zla b\u00fcy\u00fcd\u00fc. Geli\u015fen yaz\u0131l\u0131m ve donan\u0131m teknolojileri, dijital bask\u0131n\u0131n renk hassasiyetini ve bask\u0131 h\u0131z\u0131n\u0131 art\u0131rd\u0131. Bu da daha karma\u015f\u0131k ve y\u00fcksek \u00e7\u00f6z\u00fcn\u00fcrl\u00fckl\u00fc tasar\u0131mlar\u0131n kuma\u015flara ba\u015far\u0131yla aktar\u0131labilmesini sa\u011flad\u0131.<\/p>\n\n\n\n<p>2000&#8217;lerin ortalar\u0131ndan itibaren, dijital bask\u0131 tekstil end\u00fcstrisinde b\u00fcy\u00fck bir de\u011fi\u015fimi tetikledi. \u00d6zellikle ki\u015fiselle\u015ftirilmi\u015f giyim ve ev tekstili \u00fcr\u00fcnlerinin talebi artt\u0131. Dijital bask\u0131, tasar\u0131mc\u0131lara ve markalara kendi tasar\u0131mlar\u0131n\u0131 h\u0131zla \u00fcretme ve m\u00fc\u015fteri taleplerine yan\u0131t verme olana\u011f\u0131 tan\u0131d\u0131. Ayr\u0131ca, geleneksel bask\u0131 y\u00f6ntemlerine k\u0131yasla daha s\u00fcrd\u00fcr\u00fclebilir bir yakla\u015f\u0131m sundu. Dijital bask\u0131, su kullan\u0131m\u0131n\u0131 minimuma indirirken, at\u0131k miktar\u0131n\u0131 da azaltt\u0131.<\/p>\n\n\n\n<p>Bug\u00fcn, kuma\u015fta dijital bask\u0131 end\u00fcstri standard\u0131 haline gelmi\u015ftir. Tasar\u0131mc\u0131lar ve markalar, renklerin zenginli\u011fi ve tasar\u0131m \u00f6zg\u00fcrl\u00fc\u011f\u00fc sayesinde \u00f6zg\u00fcn koleksiyonlar olu\u015fturuyorlar. Ayn\u0131 zamanda, bu teknoloji s\u00fcrd\u00fcr\u00fclebilirlik hedeflerine ula\u015fmak isteyen markalar i\u00e7in \u00e7evresel olarak dost bir se\u00e7enek sunar. Dijital bask\u0131n\u0131n tarih\u00e7esi ve geli\u015fimi, tekstil end\u00fcstrisinde sadece yarat\u0131c\u0131l\u0131\u011f\u0131 te\u015fvik etmekle kalmaz, ayn\u0131 zamanda \u00e7evresel sorumlulu\u011fa \u00f6nem veren bir gelece\u011fi in\u015fa etmemize de yard\u0131mc\u0131 olur.<\/p>\n","protected":false},"excerpt":{"rendered":"<p>Kuma\u015fta dijital bask\u0131n\u0131n tarih\u00e7esi ve geli\u015fimi, tekstil end\u00fcstrisinde bir devrim yaratm\u0131\u015f bir teknolojiyi izler. 1990&#8217;lar\u0131n sonlar\u0131na do\u011fru, dijital bask\u0131 makinelerinin ilk kullan\u0131m\u0131yla bu teknoloji hayat\u0131m\u0131za girdi. \u0130lk ba\u015fta s\u0131n\u0131rl\u0131 renk se\u00e7enekleri ve d\u00fc\u015f\u00fck bask\u0131 h\u0131zlar\u0131 ile s\u0131n\u0131rl\u0131yd\u0131, ancak s\u00fcrekli geli\u015fmelerle h\u0131zla b\u00fcy\u00fcd\u00fc. Geli\u015fen yaz\u0131l\u0131m ve donan\u0131m teknolojileri, dijital bask\u0131n\u0131n renk hassasiyetini ve bask\u0131 h\u0131z\u0131n\u0131 art\u0131rd\u0131. [&hellip;]<\/p>\n","protected":false},"author":1,"featured_media":196,"comment_status":"closed","ping_status":"closed","sticky":false,"template":"","format":"standard","meta":{"footnotes":""},"categories":[7],"tags":[80,81],"_links":{"self":[{"href":"https:\/\/www.guzeldagtekstil.com.tr\/tr\/wp-json\/wp\/v2\/posts\/195"}],"collection":[{"href":"https:\/\/www.guzeldagtekstil.com.tr\/tr\/wp-json\/wp\/v2\/posts"}],"about":[{"href":"https:\/\/www.guzeldagtekstil.com.tr\/tr\/wp-json\/wp\/v2\/types\/post"}],"author":[{"embeddable":true,"href":"https:\/\/www.guzeldagtekstil.com.tr\/tr\/wp-json\/wp\/v2\/users\/1"}],"replies":[{"embeddable":true,"href":"https:\/\/www.guzeldagtekstil.com.tr\/tr\/wp-json\/wp\/v2\/comments?post=195"}],"version-history":[{"count":1,"href":"https:\/\/www.guzeldagtekstil.com.tr\/tr\/wp-json\/wp\/v2\/posts\/195\/revisions"}],"predecessor-version":[{"id":197,"href":"https:\/\/www.guzeldagtekstil.com.tr\/tr\/wp-json\/wp\/v2\/posts\/195\/revisions\/197"}],"wp:featuredmedia":[{"embeddable":true,"href":"https:\/\/www.guzeldagtekstil.com.tr\/tr\/wp-json\/wp\/v2\/media\/196"}],"wp:attachment":[{"href":"https:\/\/www.guzeldagtekstil.com.tr\/tr\/wp-json\/wp\/v2\/media?parent=195"}],"wp:term":[{"taxonomy":"category","embeddable":true,"href":"https:\/\/www.guzeldagtekstil.com.tr\/tr\/wp-json\/wp\/v2\/categories?post=195"},{"taxonomy":"post_tag","embeddable":true,"href":"https:\/\/www.guzeldagtekstil.com.tr\/tr\/wp-json\/wp\/v2\/tags?post=195"}],"curies":[{"name":"wp","href":"https:\/\/api.w.org\/{rel}","templated":true}]}}