{"id":192,"date":"2023-08-23T10:51:14","date_gmt":"2023-08-23T07:51:14","guid":{"rendered":"https:\/\/www.guzeldagtekstil.com.tr\/tr\/?p=192"},"modified":"2023-11-15T13:08:08","modified_gmt":"2023-11-15T10:08:08","slug":"moda-endustrisinde-duz-boya-kumasin-onemi","status":"publish","type":"post","link":"https:\/\/www.guzeldagtekstil.com.tr\/tr\/moda-endustrisinde-duz-boya-kumasin-onemi.html","title":{"rendered":"Moda End\u00fcstrisinde D\u00fcz Boya Kuma\u015f\u0131n \u00d6nemi"},"content":{"rendered":"\n<p>Moda end\u00fcstrisi, d\u00f6nemden d\u00f6neme de\u011fi\u015fen trendlerle dolu bir d\u00fcnyad\u0131r. Ancak baz\u0131 unsurlar her zaman vazge\u00e7ilmezdir ve d\u00fcz boya kuma\u015flar, moda d\u00fcnyas\u0131n\u0131n temel ta\u015flar\u0131ndan birini olu\u015fturur. D\u00fcz boya kuma\u015flar, tasar\u0131mc\u0131lar ve moda markalar\u0131 i\u00e7in vazge\u00e7ilmez bir se\u00e7enek olmu\u015ftur \u00e7\u00fcnk\u00fc sadelik ve zarafetle birlikte yarat\u0131c\u0131l\u0131\u011fa olanak tan\u0131r. Bu kuma\u015flar, temiz \u00e7izgiler ve minimalist detaylarla tasarlanan par\u00e7alarda s\u0131kl\u0131kla kullan\u0131l\u0131r, bu da giyimdeki zarafeti vurgular. Ayn\u0131 zamanda, d\u00fcz boya kuma\u015flar\u0131n klasik ve zamans\u0131z bir cazibesi vard\u0131r, bu nedenle bir\u00e7ok moda koleksiyonunun vazge\u00e7ilmez par\u00e7alar\u0131n\u0131 olu\u015fturur. \u00dcstelik, d\u00fcz boya kuma\u015flar, diki\u015f ve tasar\u0131m s\u00fcre\u00e7lerinde de b\u00fcy\u00fck kolayl\u0131k sa\u011flar, bu da h\u0131zl\u0131 moda d\u00fcnyas\u0131nda \u00f6nemlidir. Sonu\u00e7 olarak, moda end\u00fcstrisi i\u00e7in d\u00fcz boya kuma\u015flar, her d\u00f6nemin vazge\u00e7ilmezleri olmu\u015f, sadeli\u011fi ve \u015f\u0131kl\u0131\u011f\u0131 simgelemi\u015f ve tasar\u0131mc\u0131lar\u0131n yarat\u0131c\u0131l\u0131klar\u0131n\u0131 s\u0131n\u0131rlamadan tasar\u0131m \u00f6zg\u00fcrl\u00fc\u011f\u00fc sunmu\u015ftur.<\/p>\n","protected":false},"excerpt":{"rendered":"<p>Moda end\u00fcstrisi, d\u00f6nemden d\u00f6neme de\u011fi\u015fen trendlerle dolu bir d\u00fcnyad\u0131r. Ancak baz\u0131 unsurlar her zaman vazge\u00e7ilmezdir ve d\u00fcz boya kuma\u015flar, moda d\u00fcnyas\u0131n\u0131n temel ta\u015flar\u0131ndan birini olu\u015fturur. D\u00fcz boya kuma\u015flar, tasar\u0131mc\u0131lar ve moda markalar\u0131 i\u00e7in vazge\u00e7ilmez bir se\u00e7enek olmu\u015ftur \u00e7\u00fcnk\u00fc sadelik ve zarafetle birlikte yarat\u0131c\u0131l\u0131\u011fa olanak tan\u0131r. Bu kuma\u015flar, temiz \u00e7izgiler ve minimalist detaylarla tasarlanan par\u00e7alarda s\u0131kl\u0131kla [&hellip;]<\/p>\n","protected":false},"author":1,"featured_media":193,"comment_status":"closed","ping_status":"closed","sticky":false,"template":"","format":"standard","meta":{"footnotes":""},"categories":[7],"tags":[84,85],"_links":{"self":[{"href":"https:\/\/www.guzeldagtekstil.com.tr\/tr\/wp-json\/wp\/v2\/posts\/192"}],"collection":[{"href":"https:\/\/www.guzeldagtekstil.com.tr\/tr\/wp-json\/wp\/v2\/posts"}],"about":[{"href":"https:\/\/www.guzeldagtekstil.com.tr\/tr\/wp-json\/wp\/v2\/types\/post"}],"author":[{"embeddable":true,"href":"https:\/\/www.guzeldagtekstil.com.tr\/tr\/wp-json\/wp\/v2\/users\/1"}],"replies":[{"embeddable":true,"href":"https:\/\/www.guzeldagtekstil.com.tr\/tr\/wp-json\/wp\/v2\/comments?post=192"}],"version-history":[{"count":1,"href":"https:\/\/www.guzeldagtekstil.com.tr\/tr\/wp-json\/wp\/v2\/posts\/192\/revisions"}],"predecessor-version":[{"id":194,"href":"https:\/\/www.guzeldagtekstil.com.tr\/tr\/wp-json\/wp\/v2\/posts\/192\/revisions\/194"}],"wp:featuredmedia":[{"embeddable":true,"href":"https:\/\/www.guzeldagtekstil.com.tr\/tr\/wp-json\/wp\/v2\/media\/193"}],"wp:attachment":[{"href":"https:\/\/www.guzeldagtekstil.com.tr\/tr\/wp-json\/wp\/v2\/media?parent=192"}],"wp:term":[{"taxonomy":"category","embeddable":true,"href":"https:\/\/www.guzeldagtekstil.com.tr\/tr\/wp-json\/wp\/v2\/categories?post=192"},{"taxonomy":"post_tag","embeddable":true,"href":"https:\/\/www.guzeldagtekstil.com.tr\/tr\/wp-json\/wp\/v2\/tags?post=192"}],"curies":[{"name":"wp","href":"https:\/\/api.w.org\/{rel}","templated":true}]}}