{"id":189,"date":"2023-08-18T10:50:50","date_gmt":"2023-08-18T07:50:50","guid":{"rendered":"https:\/\/www.guzeldagtekstil.com.tr\/tr\/?p=189"},"modified":"2023-11-15T13:08:49","modified_gmt":"2023-11-15T10:08:49","slug":"surdurulebilirlik-ve-dijital-baski-tekstil-endustrisinde-yesil-donusum","status":"publish","type":"post","link":"https:\/\/www.guzeldagtekstil.com.tr\/tr\/surdurulebilirlik-ve-dijital-baski-tekstil-endustrisinde-yesil-donusum.html","title":{"rendered":"S\u00fcrd\u00fcr\u00fclebilirlik ve Dijital Bask\u0131: Tekstil End\u00fcstrisinde Ye\u015fil D\u00f6n\u00fc\u015f\u00fcm"},"content":{"rendered":"\n<p>S\u00fcrd\u00fcr\u00fclebilirlik, bug\u00fcn\u00fcn tekstil end\u00fcstrisinin merkezinde bulunan ve gelece\u011fin belirleyici fakt\u00f6rlerinden biridir. Bu alanda at\u0131lan \u00f6nemli ad\u0131mlardan biri, dijital bask\u0131 teknolojisinin ye\u015fil d\u00f6n\u00fc\u015f\u00fcme sa\u011flad\u0131\u011f\u0131 katk\u0131d\u0131r. Geleneksel bask\u0131 y\u00f6ntemleri s\u0131kl\u0131kla su ve enerji t\u00fcketiminde y\u00fcksek kaynak israf\u0131yla sonu\u00e7lan\u0131rken, dijital bask\u0131 bu sorunlara \u00e7\u00f6z\u00fcm sunar. Su t\u00fcketimini minimuma indirir ve at\u0131k miktar\u0131n\u0131 azaltarak \u00e7evresel etkiyi b\u00fcy\u00fck \u00f6l\u00e7\u00fcde azalt\u0131r.<\/p>\n\n\n\n<p>Dijital bask\u0131, tekstil \u00fcretiminde s\u00fcrd\u00fcr\u00fclebilirlik a\u00e7\u0131s\u0131ndan b\u00fcy\u00fck bir ad\u0131m\u0131 temsil ederken ayn\u0131 zamanda tasar\u0131mc\u0131lar ve markalar i\u00e7in b\u00fcy\u00fck f\u0131rsatlar sunar. \u00d6zelle\u015ftirilebilirlik, stoklar\u0131n azalt\u0131lmas\u0131, bask\u0131 i\u00e7in minimum sipari\u015f gereksinimleri gibi avantajlar, s\u00fcrd\u00fcr\u00fclebilirli\u011fi art\u0131rman\u0131n yan\u0131 s\u0131ra i\u015f verimlili\u011fini de art\u0131r\u0131r. M\u00fc\u015fterilerin kendi tasar\u0131mlar\u0131n\u0131 se\u00e7me olana\u011f\u0131 sunan dijital bask\u0131, taleplere daha iyi yan\u0131t verme ve m\u00fc\u015fteri memnuniyetini art\u0131rma \u015fans\u0131 verir.<\/p>\n\n\n\n<p>S\u00fcrd\u00fcr\u00fclebilir tekstil \u00fcretimi, ayn\u0131 zamanda t\u00fcketici bilincinin artt\u0131\u011f\u0131 bir d\u00f6nemde b\u00fcy\u00fck bir cazibe ta\u015f\u0131r. Dijital bask\u0131n\u0131n sundu\u011fu s\u00fcrd\u00fcr\u00fclebilirlik avantajlar\u0131, tekstil end\u00fcstrisinin gelece\u011fini \u015fekillendirirken, \u00e7evresel sorumluluklar\u0131na \u00f6ncelik veren markalar\u0131n s\u00fcrd\u00fcr\u00fclebilir bir itibar in\u015fa etmelerine olanak tan\u0131r. Bu ye\u015fil d\u00f6n\u00fc\u015f\u00fcm, tekstil end\u00fcstrisinin sadece \u00e7evresel olarak daha dost bir sekt\u00f6r haline gelmesine yard\u0131mc\u0131 olmakla kalmaz, ayn\u0131 zamanda ekonomik a\u00e7\u0131dan da daha verimli bir hale getirir.<\/p>\n","protected":false},"excerpt":{"rendered":"<p>S\u00fcrd\u00fcr\u00fclebilirlik, bug\u00fcn\u00fcn tekstil end\u00fcstrisinin merkezinde bulunan ve gelece\u011fin belirleyici fakt\u00f6rlerinden biridir. Bu alanda at\u0131lan \u00f6nemli ad\u0131mlardan biri, dijital bask\u0131 teknolojisinin ye\u015fil d\u00f6n\u00fc\u015f\u00fcme sa\u011flad\u0131\u011f\u0131 katk\u0131d\u0131r. Geleneksel bask\u0131 y\u00f6ntemleri s\u0131kl\u0131kla su ve enerji t\u00fcketiminde y\u00fcksek kaynak israf\u0131yla sonu\u00e7lan\u0131rken, dijital bask\u0131 bu sorunlara \u00e7\u00f6z\u00fcm sunar. Su t\u00fcketimini minimuma indirir ve at\u0131k miktar\u0131n\u0131 azaltarak \u00e7evresel etkiyi b\u00fcy\u00fck \u00f6l\u00e7\u00fcde azalt\u0131r. [&hellip;]<\/p>\n","protected":false},"author":1,"featured_media":190,"comment_status":"closed","ping_status":"closed","sticky":false,"template":"","format":"standard","meta":{"footnotes":""},"categories":[7],"tags":[86,87],"_links":{"self":[{"href":"https:\/\/www.guzeldagtekstil.com.tr\/tr\/wp-json\/wp\/v2\/posts\/189"}],"collection":[{"href":"https:\/\/www.guzeldagtekstil.com.tr\/tr\/wp-json\/wp\/v2\/posts"}],"about":[{"href":"https:\/\/www.guzeldagtekstil.com.tr\/tr\/wp-json\/wp\/v2\/types\/post"}],"author":[{"embeddable":true,"href":"https:\/\/www.guzeldagtekstil.com.tr\/tr\/wp-json\/wp\/v2\/users\/1"}],"replies":[{"embeddable":true,"href":"https:\/\/www.guzeldagtekstil.com.tr\/tr\/wp-json\/wp\/v2\/comments?post=189"}],"version-history":[{"count":1,"href":"https:\/\/www.guzeldagtekstil.com.tr\/tr\/wp-json\/wp\/v2\/posts\/189\/revisions"}],"predecessor-version":[{"id":191,"href":"https:\/\/www.guzeldagtekstil.com.tr\/tr\/wp-json\/wp\/v2\/posts\/189\/revisions\/191"}],"wp:featuredmedia":[{"embeddable":true,"href":"https:\/\/www.guzeldagtekstil.com.tr\/tr\/wp-json\/wp\/v2\/media\/190"}],"wp:attachment":[{"href":"https:\/\/www.guzeldagtekstil.com.tr\/tr\/wp-json\/wp\/v2\/media?parent=189"}],"wp:term":[{"taxonomy":"category","embeddable":true,"href":"https:\/\/www.guzeldagtekstil.com.tr\/tr\/wp-json\/wp\/v2\/categories?post=189"},{"taxonomy":"post_tag","embeddable":true,"href":"https:\/\/www.guzeldagtekstil.com.tr\/tr\/wp-json\/wp\/v2\/tags?post=189"}],"curies":[{"name":"wp","href":"https:\/\/api.w.org\/{rel}","templated":true}]}}