{"id":186,"date":"2023-08-09T10:47:50","date_gmt":"2023-08-09T07:47:50","guid":{"rendered":"https:\/\/www.guzeldagtekstil.com.tr\/tr\/?p=186"},"modified":"2023-11-15T13:13:47","modified_gmt":"2023-11-15T10:13:47","slug":"kumasta-duz-boya-teknikleri-tasarim-sureci-ve-ipuclari","status":"publish","type":"post","link":"https:\/\/www.guzeldagtekstil.com.tr\/tr\/kumasta-duz-boya-teknikleri-tasarim-sureci-ve-ipuclari.html","title":{"rendered":"Kuma\u015fta D\u00fcz Boya Teknikleri: Tasar\u0131m S\u00fcreci ve \u0130pu\u00e7lar\u0131"},"content":{"rendered":"\n<p>Kuma\u015fta d\u00fcz boya teknikleri, tasar\u0131m d\u00fcnyas\u0131nda \u00f6nemli bir yere sahiptir. Bu \u00f6zel y\u00f6ntem, kuma\u015f\u0131n y\u00fczeyine tek bir renk uygulama s\u00fcrecini ifade eder, ancak bunun arkas\u0131nda b\u00fcy\u00fck bir yarat\u0131c\u0131 potansiyel ve tasar\u0131m s\u00fcreci yatar. D\u00fcz boya, giyim, i\u00e7 mekan dekorasyonu, aksesuarlar ve daha bir\u00e7ok alanda kullan\u0131l\u0131r. Tasar\u0131m s\u00fcrecinde, d\u00fcz boya kullan\u0131rken dikkate alman\u0131z gereken birka\u00e7 \u00f6nemli ipucu vard\u0131r.<\/p>\n\n\n\n<p>\u0130lk olarak, renk se\u00e7imi tasar\u0131m\u0131n temelini olu\u015fturur. D\u00fcz boya ile \u00e7al\u0131\u015f\u0131rken renklerin duygusal etkilerini ve anlamlar\u0131n\u0131 d\u00fc\u015f\u00fcn\u00fcn. Renk paletiniz, tasar\u0131m\u0131n\u0131z\u0131n hikayesini anlatmal\u0131 ve istedi\u011finiz duygusal tepkiyi uyand\u0131rmal\u0131d\u0131r.<\/p>\n\n\n\n<p>Dokular da b\u00fcy\u00fck bir \u00f6neme sahiptir. Kuma\u015f\u0131n cinsine ve dokusuna ba\u011fl\u0131 olarak boyama s\u00fcreci farkl\u0131 sonu\u00e7lar verebilir. Kuma\u015f\u0131n dokusunu iyi anlamak, renklerin nas\u0131l yay\u0131laca\u011f\u0131n\u0131 ve nas\u0131l etkile\u015fimde bulunaca\u011f\u0131n\u0131 tahmin etmenize yard\u0131mc\u0131 olur.<\/p>\n\n\n\n<p>Tasar\u0131m\u0131n detaylar\u0131na dikkat etmek de kritik \u00f6nem ta\u015f\u0131r. Desenlerin hassasl\u0131\u011f\u0131, renk ge\u00e7i\u015fleri ve boyan\u0131n yo\u011funlu\u011fu, sonucun esteti\u011fini b\u00fcy\u00fck \u00f6l\u00e7\u00fcde etkiler. D\u00fcz boya tekni\u011fi ile tasar\u0131m\u0131n\u0131z\u0131n ince detaylar\u0131n\u0131 d\u00fc\u015f\u00fcnmek, sonu\u00e7lar\u0131n ne kadar etkileyici olaca\u011f\u0131n\u0131 belirler.<\/p>\n\n\n\n<p>Son olarak, s\u00fcrd\u00fcr\u00fclebilirlik de g\u00f6z ard\u0131 edilmemelidir. Kimyasal at\u0131k miktar\u0131n\u0131 minimumda tutmak ve su t\u00fcketimini azaltmak i\u00e7in \u00e7evre dostu boyalar kullanmak \u00f6nemlidir. Tasar\u0131m s\u00fcrecinin her a\u015famas\u0131nda \u00e7evresel etkileri g\u00f6z \u00f6n\u00fcnde bulundurmak, sorumlu bir tasar\u0131mc\u0131 olman\u0131n \u00f6nemli bir par\u00e7as\u0131d\u0131r.<\/p>\n\n\n\n<p>Sonu\u00e7 olarak, kuma\u015fta d\u00fcz boya teknikleri ile \u00e7al\u0131\u015f\u0131rken, renk, doku, detaylar ve s\u00fcrd\u00fcr\u00fclebilirlik gibi fakt\u00f6rleri d\u00fc\u015f\u00fcnmek tasar\u0131m s\u00fcrecinde hayati \u00f6neme sahiptir. Bu teknik, tasar\u0131mc\u0131lara ve sanat\u00e7\u0131lara \u00f6zg\u00fcn ve \u00f6zel koleksiyonlar olu\u015fturma f\u0131rsat\u0131 sunar.<\/p>\n","protected":false},"excerpt":{"rendered":"<p>Kuma\u015fta d\u00fcz boya teknikleri, tasar\u0131m d\u00fcnyas\u0131nda \u00f6nemli bir yere sahiptir. Bu \u00f6zel y\u00f6ntem, kuma\u015f\u0131n y\u00fczeyine tek bir renk uygulama s\u00fcrecini ifade eder, ancak bunun arkas\u0131nda b\u00fcy\u00fck bir yarat\u0131c\u0131 potansiyel ve tasar\u0131m s\u00fcreci yatar. D\u00fcz boya, giyim, i\u00e7 mekan dekorasyonu, aksesuarlar ve daha bir\u00e7ok alanda kullan\u0131l\u0131r. Tasar\u0131m s\u00fcrecinde, d\u00fcz boya kullan\u0131rken dikkate alman\u0131z gereken birka\u00e7 \u00f6nemli [&hellip;]<\/p>\n","protected":false},"author":1,"featured_media":187,"comment_status":"closed","ping_status":"closed","sticky":false,"template":"","format":"standard","meta":{"footnotes":""},"categories":[7],"tags":[29,46,61],"_links":{"self":[{"href":"https:\/\/www.guzeldagtekstil.com.tr\/tr\/wp-json\/wp\/v2\/posts\/186"}],"collection":[{"href":"https:\/\/www.guzeldagtekstil.com.tr\/tr\/wp-json\/wp\/v2\/posts"}],"about":[{"href":"https:\/\/www.guzeldagtekstil.com.tr\/tr\/wp-json\/wp\/v2\/types\/post"}],"author":[{"embeddable":true,"href":"https:\/\/www.guzeldagtekstil.com.tr\/tr\/wp-json\/wp\/v2\/users\/1"}],"replies":[{"embeddable":true,"href":"https:\/\/www.guzeldagtekstil.com.tr\/tr\/wp-json\/wp\/v2\/comments?post=186"}],"version-history":[{"count":1,"href":"https:\/\/www.guzeldagtekstil.com.tr\/tr\/wp-json\/wp\/v2\/posts\/186\/revisions"}],"predecessor-version":[{"id":188,"href":"https:\/\/www.guzeldagtekstil.com.tr\/tr\/wp-json\/wp\/v2\/posts\/186\/revisions\/188"}],"wp:featuredmedia":[{"embeddable":true,"href":"https:\/\/www.guzeldagtekstil.com.tr\/tr\/wp-json\/wp\/v2\/media\/187"}],"wp:attachment":[{"href":"https:\/\/www.guzeldagtekstil.com.tr\/tr\/wp-json\/wp\/v2\/media?parent=186"}],"wp:term":[{"taxonomy":"category","embeddable":true,"href":"https:\/\/www.guzeldagtekstil.com.tr\/tr\/wp-json\/wp\/v2\/categories?post=186"},{"taxonomy":"post_tag","embeddable":true,"href":"https:\/\/www.guzeldagtekstil.com.tr\/tr\/wp-json\/wp\/v2\/tags?post=186"}],"curies":[{"name":"wp","href":"https:\/\/api.w.org\/{rel}","templated":true}]}}