{"id":183,"date":"2023-08-04T10:40:34","date_gmt":"2023-08-04T07:40:34","guid":{"rendered":"https:\/\/www.guzeldagtekstil.com.tr\/tr\/?p=183"},"modified":"2023-11-15T13:16:26","modified_gmt":"2023-11-15T10:16:26","slug":"dijital-baskiyla-kumas-tasarimi-profesyonel-tavsiyeler-ve-ipuclari","status":"publish","type":"post","link":"https:\/\/www.guzeldagtekstil.com.tr\/tr\/dijital-baskiyla-kumas-tasarimi-profesyonel-tavsiyeler-ve-ipuclari.html","title":{"rendered":"Dijital Bask\u0131yla Kuma\u015f Tasar\u0131m\u0131: Profesyonel Tavsiyeler ve \u0130pu\u00e7lar\u0131"},"content":{"rendered":"\n<p>Dijital bask\u0131yla kuma\u015f tasar\u0131m\u0131, moda ve tekstil d\u00fcnyas\u0131nda yarat\u0131c\u0131 ifadeyi s\u0131n\u0131rs\u0131zca m\u00fcmk\u00fcn k\u0131lar. Ancak ba\u015far\u0131l\u0131 bir kuma\u015f tasar\u0131m\u0131 i\u00e7in baz\u0131 \u00f6nemli profesyonel tavsiyelere ihtiya\u00e7 vard\u0131r. \u0130lk olarak, y\u00fcksek kaliteli dijital tasar\u0131m yaz\u0131l\u0131m\u0131 kullanmak b\u00fcy\u00fck bir fark yaratabilir. Bu yaz\u0131l\u0131mlar, tasar\u0131mlar\u0131n\u0131z\u0131 hassas bir \u015fekilde olu\u015fturman\u0131za ve renkleri en iyi \u015fekilde ayarlaman\u0131za yard\u0131mc\u0131 olur.<\/p>\n\n\n\n<p>Renklerin \u00f6nemi de g\u00f6z ard\u0131 edilmemelidir. Renkler, tasar\u0131m\u0131n\u0131z\u0131n ruhunu yans\u0131t\u0131r ve izleyiciye ilk etkile\u015fimde b\u00fcy\u00fck bir etki yarat\u0131r. Bu nedenle, renk paletinizi \u00f6zenle se\u00e7melisiniz. Ayr\u0131ca, tasar\u0131m\u0131n\u0131z\u0131 kuma\u015fa uyarlamadan \u00f6nce k\u00fc\u00e7\u00fck \u00f6l\u00e7ekli test bask\u0131lar\u0131 yaparak sonucu \u00f6nizlemek her zaman iyi bir uygulamad\u0131r.<\/p>\n\n\n\n<p>Tasar\u0131m\u0131n doku ve desenlerle nas\u0131l etkile\u015fime girece\u011fini anlamak da \u00f6nemlidir. Kuma\u015f\u0131n dokusu, bask\u0131n\u0131z\u0131n son g\u00f6r\u00fcn\u00fcm\u00fcn\u00fc b\u00fcy\u00fck \u00f6l\u00e7\u00fcde etkiler, bu nedenle tasar\u0131m a\u015famas\u0131nda dikkate al\u0131nmas\u0131 gerekir. Dijital bask\u0131da \u00f6l\u00e7eklendirme de kritik bir fakt\u00f6rd\u00fcr, \u00e7\u00fcnk\u00fc tasar\u0131m\u0131n\u0131z\u0131n kuma\u015f\u0131n boyutuyla nas\u0131l uyumlu olaca\u011f\u0131n\u0131 belirler.<\/p>\n\n\n\n<p>Son olarak, profesyonel bir dijital bask\u0131 hizmeti sa\u011flay\u0131c\u0131s\u0131 se\u00e7mek \u00f6nemlidir. Kaliteli m\u00fcrekkep ve bask\u0131 ekipmanlar\u0131, tasar\u0131m\u0131n\u0131z\u0131n en iyi \u015fekilde yans\u0131t\u0131lmas\u0131n\u0131 sa\u011flar. Ayr\u0131ca, i\u015fbirli\u011fi yapt\u0131\u011f\u0131n\u0131z hizmet sa\u011flay\u0131c\u0131s\u0131, tasar\u0131m\u0131n \u00fcretim s\u00fcrecinin her a\u015famas\u0131nda size rehberlik edebilmelidir.<\/p>\n\n\n\n<p>Dijital bask\u0131yla kuma\u015f tasar\u0131m\u0131, s\u0131n\u0131rs\u0131z yarat\u0131c\u0131 olanaklar sunar, ancak ba\u015far\u0131l\u0131 bir sonu\u00e7 i\u00e7in profesyonel bir yakla\u015f\u0131m gerektirir. Bu profesyonel tavsiyeler ve ipu\u00e7lar\u0131, tasar\u0131mlar\u0131n\u0131z\u0131 hayata ge\u00e7irirken size yol g\u00f6sterici olabilir ve kuma\u015f tasar\u0131m\u0131nda en iyi sonu\u00e7lar\u0131 elde etmenize yard\u0131mc\u0131 olabilir.<\/p>\n","protected":false},"excerpt":{"rendered":"<p>Dijital bask\u0131yla kuma\u015f tasar\u0131m\u0131, moda ve tekstil d\u00fcnyas\u0131nda yarat\u0131c\u0131 ifadeyi s\u0131n\u0131rs\u0131zca m\u00fcmk\u00fcn k\u0131lar. Ancak ba\u015far\u0131l\u0131 bir kuma\u015f tasar\u0131m\u0131 i\u00e7in baz\u0131 \u00f6nemli profesyonel tavsiyelere ihtiya\u00e7 vard\u0131r. \u0130lk olarak, y\u00fcksek kaliteli dijital tasar\u0131m yaz\u0131l\u0131m\u0131 kullanmak b\u00fcy\u00fck bir fark yaratabilir. Bu yaz\u0131l\u0131mlar, tasar\u0131mlar\u0131n\u0131z\u0131 hassas bir \u015fekilde olu\u015fturman\u0131za ve renkleri en iyi \u015fekilde ayarlaman\u0131za yard\u0131mc\u0131 olur. Renklerin \u00f6nemi de [&hellip;]<\/p>\n","protected":false},"author":1,"featured_media":184,"comment_status":"closed","ping_status":"closed","sticky":false,"template":"","format":"standard","meta":{"footnotes":""},"categories":[7],"tags":[15,90],"_links":{"self":[{"href":"https:\/\/www.guzeldagtekstil.com.tr\/tr\/wp-json\/wp\/v2\/posts\/183"}],"collection":[{"href":"https:\/\/www.guzeldagtekstil.com.tr\/tr\/wp-json\/wp\/v2\/posts"}],"about":[{"href":"https:\/\/www.guzeldagtekstil.com.tr\/tr\/wp-json\/wp\/v2\/types\/post"}],"author":[{"embeddable":true,"href":"https:\/\/www.guzeldagtekstil.com.tr\/tr\/wp-json\/wp\/v2\/users\/1"}],"replies":[{"embeddable":true,"href":"https:\/\/www.guzeldagtekstil.com.tr\/tr\/wp-json\/wp\/v2\/comments?post=183"}],"version-history":[{"count":1,"href":"https:\/\/www.guzeldagtekstil.com.tr\/tr\/wp-json\/wp\/v2\/posts\/183\/revisions"}],"predecessor-version":[{"id":185,"href":"https:\/\/www.guzeldagtekstil.com.tr\/tr\/wp-json\/wp\/v2\/posts\/183\/revisions\/185"}],"wp:featuredmedia":[{"embeddable":true,"href":"https:\/\/www.guzeldagtekstil.com.tr\/tr\/wp-json\/wp\/v2\/media\/184"}],"wp:attachment":[{"href":"https:\/\/www.guzeldagtekstil.com.tr\/tr\/wp-json\/wp\/v2\/media?parent=183"}],"wp:term":[{"taxonomy":"category","embeddable":true,"href":"https:\/\/www.guzeldagtekstil.com.tr\/tr\/wp-json\/wp\/v2\/categories?post=183"},{"taxonomy":"post_tag","embeddable":true,"href":"https:\/\/www.guzeldagtekstil.com.tr\/tr\/wp-json\/wp\/v2\/tags?post=183"}],"curies":[{"name":"wp","href":"https:\/\/api.w.org\/{rel}","templated":true}]}}