{"id":177,"date":"2024-02-16T10:33:09","date_gmt":"2024-02-16T07:33:09","guid":{"rendered":"https:\/\/www.guzeldagtekstil.com.tr\/tr\/?p=177"},"modified":"2023-11-15T12:33:55","modified_gmt":"2023-11-15T09:33:55","slug":"kumasta-dijital-baski-ile-ozellestirilmis-giyim-ve-ev-dekorasyonu","status":"publish","type":"post","link":"https:\/\/www.guzeldagtekstil.com.tr\/tr\/kumasta-dijital-baski-ile-ozellestirilmis-giyim-ve-ev-dekorasyonu.html","title":{"rendered":"Kuma\u015fta Dijital Bask\u0131 ile \u00d6zelle\u015ftirilmi\u015f Giyim ve Ev Dekorasyonu"},"content":{"rendered":"\n<p>Kuma\u015fta dijital bask\u0131, \u00f6zelle\u015ftirilmi\u015f giyim ve ev dekorasyonunun kap\u0131lar\u0131n\u0131 sonuna kadar aral\u0131yor. Bu teknoloji, herkesin kendi tasar\u0131m anlay\u0131\u015f\u0131n\u0131, renk zevkini ve tarz\u0131n\u0131 yans\u0131tt\u0131\u011f\u0131 benzersiz \u00fcr\u00fcnlerin yarat\u0131lmas\u0131na olanak tan\u0131r. Giyimde, art\u0131k kendi tasarlad\u0131\u011f\u0131n\u0131z desenlerle ya da hayal etti\u011finiz renk paletiyle elbiselerinizi ki\u015fiselle\u015ftirebilirsiniz. Moda d\u00fcnyas\u0131nda, \u00f6zg\u00fcn tasar\u0131m ve kendini ifade etme ihtiyac\u0131 her zamankinden daha \u00f6nemli ve dijital bask\u0131, bu beklentilere cevap verir.<\/p>\n\n\n\n<p>Ayn\u0131 zamanda, ev dekorasyonunda da dijital bask\u0131n\u0131n g\u00fcc\u00fcnden yararlanabilirsiniz. Kendi tasar\u0131m\u0131n\u0131za sahip yast\u0131klar, perde veya d\u00f6\u015feme kuma\u015flar\u0131 olu\u015fturarak ya\u015fam alanlar\u0131n\u0131z\u0131 \u00f6zg\u00fcn hale getirebilirsiniz. Evinizin her k\u00f6\u015fesi ki\u015fiselli\u011finizi ve stilinizi yans\u0131t\u0131rken, ayn\u0131 zamanda s\u00fcrd\u00fcr\u00fclebilir ve \u00e7evre dostu bir yakla\u015f\u0131m benimseyebilirsiniz. Geleneksel \u00fcretim y\u00f6ntemleri, s\u0131kl\u0131kla fazla at\u0131k \u00fcretirken, dijital bask\u0131 daha az kaynak t\u00fcketir ve s\u00fcrd\u00fcr\u00fclebilir bir tercih sunar.<\/p>\n\n\n\n<p>Sonu\u00e7 olarak, kuma\u015fta dijital bask\u0131 ile \u00f6zelle\u015ftirilmi\u015f giyim ve ev dekorasyonu, ki\u015fisel ifade \u00f6zg\u00fcrl\u00fc\u011f\u00fcn\u00fc ve yarat\u0131c\u0131 tasar\u0131m\u0131 te\u015fvik ederken ayn\u0131 zamanda s\u00fcrd\u00fcr\u00fclebilirli\u011fi destekler. Bu teknoloji, herkesin kendi tarz\u0131n\u0131 ve ki\u015fili\u011fini yans\u0131tan \u00fcr\u00fcnler olu\u015fturmas\u0131na olanak tan\u0131rken, moda ve dekorasyon d\u00fcnyas\u0131nda \u00f6zg\u00fcn ve s\u00fcrd\u00fcr\u00fclebilir bir yakla\u015f\u0131m\u0131 benimsememize yard\u0131mc\u0131 olur.<\/p>\n","protected":false},"excerpt":{"rendered":"<p>Kuma\u015fta dijital bask\u0131, \u00f6zelle\u015ftirilmi\u015f giyim ve ev dekorasyonunun kap\u0131lar\u0131n\u0131 sonuna kadar aral\u0131yor. Bu teknoloji, herkesin kendi tasar\u0131m anlay\u0131\u015f\u0131n\u0131, renk zevkini ve tarz\u0131n\u0131 yans\u0131tt\u0131\u011f\u0131 benzersiz \u00fcr\u00fcnlerin yarat\u0131lmas\u0131na olanak tan\u0131r. Giyimde, art\u0131k kendi tasarlad\u0131\u011f\u0131n\u0131z desenlerle ya da hayal etti\u011finiz renk paletiyle elbiselerinizi ki\u015fiselle\u015ftirebilirsiniz. Moda d\u00fcnyas\u0131nda, \u00f6zg\u00fcn tasar\u0131m ve kendini ifade etme ihtiyac\u0131 her zamankinden daha \u00f6nemli ve [&hellip;]<\/p>\n","protected":false},"author":1,"featured_media":178,"comment_status":"closed","ping_status":"closed","sticky":false,"template":"","format":"standard","meta":{"footnotes":""},"categories":[7],"tags":[15,16],"_links":{"self":[{"href":"https:\/\/www.guzeldagtekstil.com.tr\/tr\/wp-json\/wp\/v2\/posts\/177"}],"collection":[{"href":"https:\/\/www.guzeldagtekstil.com.tr\/tr\/wp-json\/wp\/v2\/posts"}],"about":[{"href":"https:\/\/www.guzeldagtekstil.com.tr\/tr\/wp-json\/wp\/v2\/types\/post"}],"author":[{"embeddable":true,"href":"https:\/\/www.guzeldagtekstil.com.tr\/tr\/wp-json\/wp\/v2\/users\/1"}],"replies":[{"embeddable":true,"href":"https:\/\/www.guzeldagtekstil.com.tr\/tr\/wp-json\/wp\/v2\/comments?post=177"}],"version-history":[{"count":1,"href":"https:\/\/www.guzeldagtekstil.com.tr\/tr\/wp-json\/wp\/v2\/posts\/177\/revisions"}],"predecessor-version":[{"id":179,"href":"https:\/\/www.guzeldagtekstil.com.tr\/tr\/wp-json\/wp\/v2\/posts\/177\/revisions\/179"}],"wp:featuredmedia":[{"embeddable":true,"href":"https:\/\/www.guzeldagtekstil.com.tr\/tr\/wp-json\/wp\/v2\/media\/178"}],"wp:attachment":[{"href":"https:\/\/www.guzeldagtekstil.com.tr\/tr\/wp-json\/wp\/v2\/media?parent=177"}],"wp:term":[{"taxonomy":"category","embeddable":true,"href":"https:\/\/www.guzeldagtekstil.com.tr\/tr\/wp-json\/wp\/v2\/categories?post=177"},{"taxonomy":"post_tag","embeddable":true,"href":"https:\/\/www.guzeldagtekstil.com.tr\/tr\/wp-json\/wp\/v2\/tags?post=177"}],"curies":[{"name":"wp","href":"https:\/\/api.w.org\/{rel}","templated":true}]}}