{"id":174,"date":"2024-02-07T10:20:47","date_gmt":"2024-02-07T07:20:47","guid":{"rendered":"https:\/\/www.guzeldagtekstil.com.tr\/tr\/?p=174"},"modified":"2023-11-15T12:37:07","modified_gmt":"2023-11-15T09:37:07","slug":"kumas-tasariminda-duz-boya-ve-kreatif-ifade-ozgurlugu","status":"publish","type":"post","link":"https:\/\/www.guzeldagtekstil.com.tr\/tr\/kumas-tasariminda-duz-boya-ve-kreatif-ifade-ozgurlugu.html","title":{"rendered":"Kuma\u015f Tasar\u0131m\u0131nda D\u00fcz Boya ve Kreatif \u0130fade \u00d6zg\u00fcrl\u00fc\u011f\u00fc"},"content":{"rendered":"\n<p>Kuma\u015f tasar\u0131m\u0131, estetik ve fonksiyonun m\u00fckemmel bir dengesini gerektirir, ve bu noktada kuma\u015f tasar\u0131m\u0131nda y\u00fcz boya tekni\u011fi, kreatif ifade \u00f6zg\u00fcrl\u00fc\u011f\u00fcn\u00fcn \u00f6nemli bir arac\u0131d\u0131r. D\u00fcz boya, kuma\u015f\u0131n y\u00fczeyine tek bir renk uygulama s\u00fcrecini ifade eder, ancak bu sade g\u00f6r\u00fcnen teknik, i\u00e7inde derin bir yarat\u0131c\u0131l\u0131k bar\u0131nd\u0131r\u0131r. Tasar\u0131mc\u0131lara ve sanat\u00e7\u0131lara kuma\u015f\u0131n \u00fczerine diledikleri renkleri, desenleri ve dokular\u0131 uygulama \u00f6zg\u00fcrl\u00fc\u011f\u00fc verir. Bu, klasik ve modern tasar\u0131m\u0131n m\u00fckemmel bir birle\u015fimidir.<\/p>\n\n\n\n<p>D\u00fcz boya, minimalist tasar\u0131m\u0131 sevenler i\u00e7in m\u00fckemmel bir se\u00e7enek olabilir. Tek renkli tasar\u0131mlar, sadelik ve zarafetin simgesidir ve klasik giyimden i\u00e7 mekan dekorasyonuna kadar bir\u00e7ok alanda kendini g\u00f6sterir. Ancak ayn\u0131 teknik, cesur ve canl\u0131 renklerle oynamak isteyen modern tasar\u0131mc\u0131lar i\u00e7in de son derece uygundur. D\u00fcz boya ile tasarlanm\u0131\u015f k\u0131yafetler ve ev tekstili \u00fcr\u00fcnleri, renklerin kal\u0131c\u0131l\u0131\u011f\u0131 ve canl\u0131l\u0131\u011f\u0131 sayesinde uzun \u00f6m\u00fcrl\u00fcd\u00fcr, b\u00f6ylece tasar\u0131mlar\u0131n\u0131z\u0131n tazeli\u011fini uzun y\u0131llar boyunca korur.<\/p>\n\n\n\n<p>Sonu\u00e7 olarak, kuma\u015f tasar\u0131m\u0131nda d\u00fcz boya, kreatif ifade \u00f6zg\u00fcrl\u00fc\u011f\u00fcn\u00fcn ve tasar\u0131m\u0131n s\u0131n\u0131rlar\u0131n\u0131 zorlaman\u0131n anahtar\u0131n\u0131 sunar. Klasik ile modern aras\u0131nda ge\u00e7i\u015f yaparken, sade veya cesur renklerle oynarken veya sadeli\u011fi zarafetle birle\u015ftirirken, bu tekni\u011fin yarat\u0131c\u0131l\u0131k potansiyeli s\u0131n\u0131rs\u0131zd\u0131r. Kuma\u015f tasar\u0131m\u0131nda kendi \u00f6zg\u00fcn ve tarz sahibi koleksiyonlar\u0131n\u0131z\u0131 yaratmak isteyenler i\u00e7in, d\u00fcz boya kesinlikle bir ke\u015ffe de\u011fer bir sanat formudur.<\/p>\n","protected":false},"excerpt":{"rendered":"<p>Kuma\u015f tasar\u0131m\u0131, estetik ve fonksiyonun m\u00fckemmel bir dengesini gerektirir, ve bu noktada kuma\u015f tasar\u0131m\u0131nda y\u00fcz boya tekni\u011fi, kreatif ifade \u00f6zg\u00fcrl\u00fc\u011f\u00fcn\u00fcn \u00f6nemli bir arac\u0131d\u0131r. D\u00fcz boya, kuma\u015f\u0131n y\u00fczeyine tek bir renk uygulama s\u00fcrecini ifade eder, ancak bu sade g\u00f6r\u00fcnen teknik, i\u00e7inde derin bir yarat\u0131c\u0131l\u0131k bar\u0131nd\u0131r\u0131r. Tasar\u0131mc\u0131lara ve sanat\u00e7\u0131lara kuma\u015f\u0131n \u00fczerine diledikleri renkleri, desenleri ve dokular\u0131 uygulama [&hellip;]<\/p>\n","protected":false},"author":1,"featured_media":175,"comment_status":"closed","ping_status":"closed","sticky":false,"template":"","format":"standard","meta":{"footnotes":""},"categories":[7],"tags":[19,21],"_links":{"self":[{"href":"https:\/\/www.guzeldagtekstil.com.tr\/tr\/wp-json\/wp\/v2\/posts\/174"}],"collection":[{"href":"https:\/\/www.guzeldagtekstil.com.tr\/tr\/wp-json\/wp\/v2\/posts"}],"about":[{"href":"https:\/\/www.guzeldagtekstil.com.tr\/tr\/wp-json\/wp\/v2\/types\/post"}],"author":[{"embeddable":true,"href":"https:\/\/www.guzeldagtekstil.com.tr\/tr\/wp-json\/wp\/v2\/users\/1"}],"replies":[{"embeddable":true,"href":"https:\/\/www.guzeldagtekstil.com.tr\/tr\/wp-json\/wp\/v2\/comments?post=174"}],"version-history":[{"count":1,"href":"https:\/\/www.guzeldagtekstil.com.tr\/tr\/wp-json\/wp\/v2\/posts\/174\/revisions"}],"predecessor-version":[{"id":176,"href":"https:\/\/www.guzeldagtekstil.com.tr\/tr\/wp-json\/wp\/v2\/posts\/174\/revisions\/176"}],"wp:featuredmedia":[{"embeddable":true,"href":"https:\/\/www.guzeldagtekstil.com.tr\/tr\/wp-json\/wp\/v2\/media\/175"}],"wp:attachment":[{"href":"https:\/\/www.guzeldagtekstil.com.tr\/tr\/wp-json\/wp\/v2\/media?parent=174"}],"wp:term":[{"taxonomy":"category","embeddable":true,"href":"https:\/\/www.guzeldagtekstil.com.tr\/tr\/wp-json\/wp\/v2\/categories?post=174"},{"taxonomy":"post_tag","embeddable":true,"href":"https:\/\/www.guzeldagtekstil.com.tr\/tr\/wp-json\/wp\/v2\/tags?post=174"}],"curies":[{"name":"wp","href":"https:\/\/api.w.org\/{rel}","templated":true}]}}