{"id":171,"date":"2024-02-02T10:17:06","date_gmt":"2024-02-02T07:17:06","guid":{"rendered":"https:\/\/www.guzeldagtekstil.com.tr\/tr\/?p=171"},"modified":"2023-11-15T12:38:46","modified_gmt":"2023-11-15T09:38:46","slug":"kumas-sanatinda-dijital-baski-sanatcilarin-ve-tasarimcilarin-yeni-olanaklari","status":"publish","type":"post","link":"https:\/\/www.guzeldagtekstil.com.tr\/tr\/kumas-sanatinda-dijital-baski-sanatcilarin-ve-tasarimcilarin-yeni-olanaklari.html","title":{"rendered":"Kuma\u015f Sanat\u0131nda Dijital Bask\u0131: Sanat\u00e7\u0131lar\u0131n ve Tasar\u0131mc\u0131lar\u0131n Yeni Olanaklar\u0131"},"content":{"rendered":"\n<p>Kuma\u015f sanat\u0131, dijital bask\u0131n\u0131n yarat\u0131c\u0131 d\u00fcnyas\u0131na yeni olanaklar sunan bir devrim ya\u015famaktad\u0131r. Sanat\u00e7\u0131lar ve tasar\u0131mc\u0131lar i\u00e7in, geleneksel resimlerin ve desenlerin \u00f6tesine ge\u00e7en bir yarat\u0131c\u0131l\u0131k platformu haline gelmi\u015ftir. Dijital bask\u0131 teknolojisi, sanat\u00e7\u0131lar\u0131n eserlerini canl\u0131 ve ger\u00e7ek\u00e7i renklerle kuma\u015flara aktarmalar\u0131n\u0131 sa\u011flar, bu da onlara s\u0131n\u0131rs\u0131z bir palet sunar. Bu teknoloji, her ayr\u0131nt\u0131n\u0131n incelikle yakalanabilece\u011fi, derinliklerin ifade edilebilece\u011fi ve orijinal sanat eserlerinin tekstil \u00fczerinde harika bir \u015fekilde sergilenebilece\u011fi bir ara\u00e7 sunar.<\/p>\n\n\n\n<p>Sanat\u00e7\u0131lar, dijital bask\u0131 ile kuma\u015f \u00fczerinde daha fazla \u00f6zg\u00fcnl\u00fck ve kendilerine \u00f6zg\u00fc bir ifade bi\u00e7imi yaratabilirler. Ayn\u0131 zamanda, bu teknoloji onlara eserlerini daha geni\u015f kitlelere ula\u015ft\u0131rma ve satma f\u0131rsat\u0131 sunar. Tasar\u0131mc\u0131lar i\u00e7in de benzer bir avantaj s\u00f6z konusudur; koleksiyonlar\u0131n\u0131 h\u0131zla g\u00fcncellemek, \u00f6zelle\u015ftirilmi\u015f tasar\u0131mlar sunmak ve s\u00fcrd\u00fcr\u00fclebilir \u00fcr\u00fcnler olu\u015fturmak i\u00e7in dijital bask\u0131y\u0131 kullanabilirler.<\/p>\n\n\n\n<p>Dijital bask\u0131, kuma\u015f sanat\u0131n\u0131 bir sonraki seviyeye ta\u015f\u0131yor ve sanat\u00e7\u0131lar ile tasar\u0131mc\u0131lara hayal g\u00fc\u00e7lerini serbest b\u0131rakma f\u0131rsat\u0131 sunuyor. Bu teknoloji, kuma\u015f sanat\u0131n\u0131n s\u0131n\u0131rlar\u0131n\u0131 geni\u015fletirken ayn\u0131 zamanda ticari ba\u015far\u0131 ve s\u00fcrd\u00fcr\u00fclebilirlik hedeflerine ula\u015fmalar\u0131na yard\u0131mc\u0131 olur. Kuma\u015f sanat\u0131nda dijital bask\u0131, renklerin b\u00fcy\u00fcl\u00fc d\u00fcnyas\u0131n\u0131, detaylar\u0131n zenginli\u011fini ve sanat\u00e7\u0131lar\u0131n ifadesini tekstil d\u00fcnyas\u0131nda yeni bir boyuta ta\u015f\u0131yor.<\/p>\n","protected":false},"excerpt":{"rendered":"<p>Kuma\u015f sanat\u0131, dijital bask\u0131n\u0131n yarat\u0131c\u0131 d\u00fcnyas\u0131na yeni olanaklar sunan bir devrim ya\u015famaktad\u0131r. Sanat\u00e7\u0131lar ve tasar\u0131mc\u0131lar i\u00e7in, geleneksel resimlerin ve desenlerin \u00f6tesine ge\u00e7en bir yarat\u0131c\u0131l\u0131k platformu haline gelmi\u015ftir. Dijital bask\u0131 teknolojisi, sanat\u00e7\u0131lar\u0131n eserlerini canl\u0131 ve ger\u00e7ek\u00e7i renklerle kuma\u015flara aktarmalar\u0131n\u0131 sa\u011flar, bu da onlara s\u0131n\u0131rs\u0131z bir palet sunar. Bu teknoloji, her ayr\u0131nt\u0131n\u0131n incelikle yakalanabilece\u011fi, derinliklerin ifade edilebilece\u011fi [&hellip;]<\/p>\n","protected":false},"author":1,"featured_media":172,"comment_status":"closed","ping_status":"closed","sticky":false,"template":"","format":"standard","meta":{"footnotes":""},"categories":[7],"tags":[15,22],"_links":{"self":[{"href":"https:\/\/www.guzeldagtekstil.com.tr\/tr\/wp-json\/wp\/v2\/posts\/171"}],"collection":[{"href":"https:\/\/www.guzeldagtekstil.com.tr\/tr\/wp-json\/wp\/v2\/posts"}],"about":[{"href":"https:\/\/www.guzeldagtekstil.com.tr\/tr\/wp-json\/wp\/v2\/types\/post"}],"author":[{"embeddable":true,"href":"https:\/\/www.guzeldagtekstil.com.tr\/tr\/wp-json\/wp\/v2\/users\/1"}],"replies":[{"embeddable":true,"href":"https:\/\/www.guzeldagtekstil.com.tr\/tr\/wp-json\/wp\/v2\/comments?post=171"}],"version-history":[{"count":1,"href":"https:\/\/www.guzeldagtekstil.com.tr\/tr\/wp-json\/wp\/v2\/posts\/171\/revisions"}],"predecessor-version":[{"id":173,"href":"https:\/\/www.guzeldagtekstil.com.tr\/tr\/wp-json\/wp\/v2\/posts\/171\/revisions\/173"}],"wp:featuredmedia":[{"embeddable":true,"href":"https:\/\/www.guzeldagtekstil.com.tr\/tr\/wp-json\/wp\/v2\/media\/172"}],"wp:attachment":[{"href":"https:\/\/www.guzeldagtekstil.com.tr\/tr\/wp-json\/wp\/v2\/media?parent=171"}],"wp:term":[{"taxonomy":"category","embeddable":true,"href":"https:\/\/www.guzeldagtekstil.com.tr\/tr\/wp-json\/wp\/v2\/categories?post=171"},{"taxonomy":"post_tag","embeddable":true,"href":"https:\/\/www.guzeldagtekstil.com.tr\/tr\/wp-json\/wp\/v2\/tags?post=171"}],"curies":[{"name":"wp","href":"https:\/\/api.w.org\/{rel}","templated":true}]}}