{"id":165,"date":"2024-01-28T10:12:57","date_gmt":"2024-01-28T07:12:57","guid":{"rendered":"https:\/\/www.guzeldagtekstil.com.tr\/tr\/?p=165"},"modified":"2023-11-15T12:40:19","modified_gmt":"2023-11-15T09:40:19","slug":"moda-dunyasinda-dijital-baskinin-rolu-ve-etkisi","status":"publish","type":"post","link":"https:\/\/www.guzeldagtekstil.com.tr\/tr\/moda-dunyasinda-dijital-baskinin-rolu-ve-etkisi.html","title":{"rendered":"Moda D\u00fcnyas\u0131nda Dijital Bask\u0131n\u0131n Rol\u00fc ve Etkisi"},"content":{"rendered":"\n<p>Moda d\u00fcnyas\u0131nda dijital bask\u0131n\u0131n rol\u00fc, son y\u0131llarda h\u0131zla b\u00fcy\u00fcyerek moda ve tekstil sekt\u00f6r\u00fcnde k\u00f6kl\u00fc bir de\u011fi\u015fim yaratmaktad\u0131r. Geleneksel bask\u0131 y\u00f6ntemlerine g\u00f6re \u00e7ok daha h\u0131zl\u0131, esnek ve s\u00fcrd\u00fcr\u00fclebilir bir yakla\u015f\u0131m sunan dijital bask\u0131, tasar\u0131mc\u0131lar\u0131n yarat\u0131c\u0131l\u0131klar\u0131n\u0131 s\u0131n\u0131rlamadan kuma\u015flara benzersiz desenler ve grafikler eklemelerini sa\u011flar. Bu, markalar\u0131n koleksiyonlar\u0131n\u0131 h\u0131zla g\u00fcncellemesine ve \u00f6zelle\u015ftirilmi\u015f tasar\u0131mlar sunmas\u0131na olanak tan\u0131r.<\/p>\n\n\n\n<p>Dijital bask\u0131n\u0131n moda d\u00fcnyas\u0131ndaki etkisi sadece tasar\u0131m s\u00fcrecini h\u0131zland\u0131rmakla kalmaz, ayn\u0131 zamanda s\u00fcrd\u00fcr\u00fclebilirli\u011fi de destekler. Geleneksel bask\u0131 y\u00f6ntemleri genellikle fazla at\u0131k \u00fcretirken, dijital bask\u0131 daha az su ve enerji t\u00fcketerek \u00e7evre dostu bir se\u00e7enek sunar. Bu, moda end\u00fcstrisinin \u00e7evresel sorumlulu\u011funu art\u0131rmak isteyen markalar i\u00e7in \u00f6nemli bir avantajd\u0131r.<\/p>\n\n\n\n<p>Ayr\u0131ca, m\u00fc\u015fterilerin artan taleplerine yan\u0131t vermek i\u00e7in dijital bask\u0131, \u00f6zelle\u015ftirilmi\u015f giyim ve tekstil \u00fcr\u00fcnlerinin yarat\u0131lmas\u0131n\u0131 kolayla\u015ft\u0131r\u0131r. M\u00fc\u015fteriler art\u0131k kendi tasar\u0131mlar\u0131n\u0131 veya tercih ettikleri desenleri se\u00e7ebilir, bu da markalar\u0131n m\u00fc\u015fteri memnuniyetini art\u0131rmas\u0131na yard\u0131mc\u0131 olur. Moda d\u00fcnyas\u0131ndaki rekabetin yo\u011fun oldu\u011fu bu d\u00f6nemde, bu teknolojik geli\u015fme markalar\u0131n farkl\u0131la\u015fmas\u0131na ve benzersiz \u00fcr\u00fcnler sunmas\u0131na olanak tan\u0131r.<\/p>\n\n\n\n<p>Sonu\u00e7 olarak, moda d\u00fcnyas\u0131nda dijital bask\u0131n\u0131n rol\u00fc b\u00fcy\u00fcyerek sekt\u00f6r\u00fcn gelece\u011fini \u015fekillendirmektedir. Bu teknoloji, yarat\u0131c\u0131l\u0131\u011f\u0131 te\u015fvik eder, s\u00fcrd\u00fcr\u00fclebilirli\u011fi art\u0131r\u0131r ve m\u00fc\u015fteri taleplerine h\u0131zla yan\u0131t vermenin kap\u0131lar\u0131n\u0131 aralar. Moda ve tekstil end\u00fcstrisi, dijital bask\u0131n\u0131n getirdi\u011fi yenilik\u00e7i ve \u00e7evre dostu yakla\u015f\u0131mlarla daha g\u00fczel ve s\u00fcrd\u00fcr\u00fclebilir bir gelece\u011fe do\u011fru ilerliyor.<\/p>\n","protected":false},"excerpt":{"rendered":"<p>Moda d\u00fcnyas\u0131nda dijital bask\u0131n\u0131n rol\u00fc, son y\u0131llarda h\u0131zla b\u00fcy\u00fcyerek moda ve tekstil sekt\u00f6r\u00fcnde k\u00f6kl\u00fc bir de\u011fi\u015fim yaratmaktad\u0131r. Geleneksel bask\u0131 y\u00f6ntemlerine g\u00f6re \u00e7ok daha h\u0131zl\u0131, esnek ve s\u00fcrd\u00fcr\u00fclebilir bir yakla\u015f\u0131m sunan dijital bask\u0131, tasar\u0131mc\u0131lar\u0131n yarat\u0131c\u0131l\u0131klar\u0131n\u0131 s\u0131n\u0131rlamadan kuma\u015flara benzersiz desenler ve grafikler eklemelerini sa\u011flar. Bu, markalar\u0131n koleksiyonlar\u0131n\u0131 h\u0131zla g\u00fcncellemesine ve \u00f6zelle\u015ftirilmi\u015f tasar\u0131mlar sunmas\u0131na olanak tan\u0131r. Dijital bask\u0131n\u0131n [&hellip;]<\/p>\n","protected":false},"author":1,"featured_media":166,"comment_status":"closed","ping_status":"closed","sticky":false,"template":"","format":"standard","meta":{"footnotes":""},"categories":[7],"tags":[15,26,27],"_links":{"self":[{"href":"https:\/\/www.guzeldagtekstil.com.tr\/tr\/wp-json\/wp\/v2\/posts\/165"}],"collection":[{"href":"https:\/\/www.guzeldagtekstil.com.tr\/tr\/wp-json\/wp\/v2\/posts"}],"about":[{"href":"https:\/\/www.guzeldagtekstil.com.tr\/tr\/wp-json\/wp\/v2\/types\/post"}],"author":[{"embeddable":true,"href":"https:\/\/www.guzeldagtekstil.com.tr\/tr\/wp-json\/wp\/v2\/users\/1"}],"replies":[{"embeddable":true,"href":"https:\/\/www.guzeldagtekstil.com.tr\/tr\/wp-json\/wp\/v2\/comments?post=165"}],"version-history":[{"count":1,"href":"https:\/\/www.guzeldagtekstil.com.tr\/tr\/wp-json\/wp\/v2\/posts\/165\/revisions"}],"predecessor-version":[{"id":167,"href":"https:\/\/www.guzeldagtekstil.com.tr\/tr\/wp-json\/wp\/v2\/posts\/165\/revisions\/167"}],"wp:featuredmedia":[{"embeddable":true,"href":"https:\/\/www.guzeldagtekstil.com.tr\/tr\/wp-json\/wp\/v2\/media\/166"}],"wp:attachment":[{"href":"https:\/\/www.guzeldagtekstil.com.tr\/tr\/wp-json\/wp\/v2\/media?parent=165"}],"wp:term":[{"taxonomy":"category","embeddable":true,"href":"https:\/\/www.guzeldagtekstil.com.tr\/tr\/wp-json\/wp\/v2\/categories?post=165"},{"taxonomy":"post_tag","embeddable":true,"href":"https:\/\/www.guzeldagtekstil.com.tr\/tr\/wp-json\/wp\/v2\/tags?post=165"}],"curies":[{"name":"wp","href":"https:\/\/api.w.org\/{rel}","templated":true}]}}