{"id":162,"date":"2024-01-16T10:05:10","date_gmt":"2024-01-16T07:05:10","guid":{"rendered":"https:\/\/www.guzeldagtekstil.com.tr\/tr\/?p=162"},"modified":"2023-11-15T12:42:28","modified_gmt":"2023-11-15T09:42:28","slug":"kumasta-duz-boya-klasik-ve-modern-kiyafetler-icin-mukemmel-bir-secenek","status":"publish","type":"post","link":"https:\/\/www.guzeldagtekstil.com.tr\/tr\/kumasta-duz-boya-klasik-ve-modern-kiyafetler-icin-mukemmel-bir-secenek.html","title":{"rendered":"Kuma\u015fta D\u00fcz Boya: Klasik ve Modern K\u0131yafetler \u0130\u00e7in M\u00fckemmel Bir Se\u00e7enek"},"content":{"rendered":"\n<p>Kuma\u015fta d\u00fcz boya tekni\u011fi, hem klasik hem de modern k\u0131yafet tasar\u0131mlar\u0131nda m\u00fckemmel bir se\u00e7enek sunar. Bu y\u00f6ntem, kuma\u015fa tek bir renk uygulama prensibiyle \u00e7al\u0131\u015f\u0131r ve tasar\u0131mc\u0131lara zarif ve \u00f6zg\u00fcn giyim par\u00e7alar\u0131 olu\u015fturma imkan\u0131 sa\u011flar. Klasik giyimde sade ve sofistike bir tarz yaratmak isteyenler i\u00e7in d\u00fcz boya, minimalizm ve zarafetin anahtar\u0131n\u0131 sunar. Ayn\u0131 zamanda modern giyim tasar\u0131mlar\u0131nda, cesur ve \u00e7arp\u0131c\u0131 renklerle oynamak isteyenler i\u00e7in de ideal bir se\u00e7enektir. D\u00fcz boya ile tasarlanm\u0131\u015f k\u0131yafetler, renklerin canl\u0131l\u0131\u011f\u0131 ve dayan\u0131kl\u0131l\u0131\u011f\u0131 sayesinde uzun y\u0131llar boyunca tazeli\u011fini korur. Hem geleneksel hem de \u00e7a\u011fda\u015f moda d\u00fcnyas\u0131nda, kuma\u015fta d\u00fcz boya, tasar\u0131mc\u0131lar\u0131n yarat\u0131c\u0131l\u0131klar\u0131n\u0131 s\u0131n\u0131rlamadan \u00f6zg\u00fcn ve stil sahibi koleksiyonlar olu\u015fturmas\u0131na olanak tan\u0131r. Bu y\u00f6ntem, kuma\u015f tasar\u0131m\u0131n\u0131n s\u0131n\u0131rlar\u0131n\u0131 zorlaman\u0131n ve klasik ile moderni ustaca birle\u015ftirmenin anahtar\u0131n\u0131 sunar. Sonu\u00e7 olarak, kuma\u015fta d\u00fcz boya, giyim d\u00fcnyas\u0131nda hem klasik hem de modern estetik aray\u0131\u015f\u0131ndaki herkes i\u00e7in m\u00fckemmel bir se\u00e7enektir.<\/p>\n","protected":false},"excerpt":{"rendered":"<p>Kuma\u015fta d\u00fcz boya tekni\u011fi, hem klasik hem de modern k\u0131yafet tasar\u0131mlar\u0131nda m\u00fckemmel bir se\u00e7enek sunar. Bu y\u00f6ntem, kuma\u015fa tek bir renk uygulama prensibiyle \u00e7al\u0131\u015f\u0131r ve tasar\u0131mc\u0131lara zarif ve \u00f6zg\u00fcn giyim par\u00e7alar\u0131 olu\u015fturma imkan\u0131 sa\u011flar. Klasik giyimde sade ve sofistike bir tarz yaratmak isteyenler i\u00e7in d\u00fcz boya, minimalizm ve zarafetin anahtar\u0131n\u0131 sunar. Ayn\u0131 zamanda modern giyim [&hellip;]<\/p>\n","protected":false},"author":1,"featured_media":163,"comment_status":"closed","ping_status":"closed","sticky":false,"template":"","format":"standard","meta":{"footnotes":""},"categories":[7],"tags":[20,34],"_links":{"self":[{"href":"https:\/\/www.guzeldagtekstil.com.tr\/tr\/wp-json\/wp\/v2\/posts\/162"}],"collection":[{"href":"https:\/\/www.guzeldagtekstil.com.tr\/tr\/wp-json\/wp\/v2\/posts"}],"about":[{"href":"https:\/\/www.guzeldagtekstil.com.tr\/tr\/wp-json\/wp\/v2\/types\/post"}],"author":[{"embeddable":true,"href":"https:\/\/www.guzeldagtekstil.com.tr\/tr\/wp-json\/wp\/v2\/users\/1"}],"replies":[{"embeddable":true,"href":"https:\/\/www.guzeldagtekstil.com.tr\/tr\/wp-json\/wp\/v2\/comments?post=162"}],"version-history":[{"count":1,"href":"https:\/\/www.guzeldagtekstil.com.tr\/tr\/wp-json\/wp\/v2\/posts\/162\/revisions"}],"predecessor-version":[{"id":164,"href":"https:\/\/www.guzeldagtekstil.com.tr\/tr\/wp-json\/wp\/v2\/posts\/162\/revisions\/164"}],"wp:featuredmedia":[{"embeddable":true,"href":"https:\/\/www.guzeldagtekstil.com.tr\/tr\/wp-json\/wp\/v2\/media\/163"}],"wp:attachment":[{"href":"https:\/\/www.guzeldagtekstil.com.tr\/tr\/wp-json\/wp\/v2\/media?parent=162"}],"wp:term":[{"taxonomy":"category","embeddable":true,"href":"https:\/\/www.guzeldagtekstil.com.tr\/tr\/wp-json\/wp\/v2\/categories?post=162"},{"taxonomy":"post_tag","embeddable":true,"href":"https:\/\/www.guzeldagtekstil.com.tr\/tr\/wp-json\/wp\/v2\/tags?post=162"}],"curies":[{"name":"wp","href":"https:\/\/api.w.org\/{rel}","templated":true}]}}