{"id":157,"date":"2024-01-10T10:58:15","date_gmt":"2024-01-10T07:58:15","guid":{"rendered":"https:\/\/www.guzeldagtekstil.com.tr\/tr\/?p=157"},"modified":"2023-11-15T12:43:37","modified_gmt":"2023-11-15T09:43:37","slug":"kumasta-dijital-baski-nasil-calisir-islem-adimlari-ve-teknoloji","status":"publish","type":"post","link":"https:\/\/www.guzeldagtekstil.com.tr\/tr\/kumasta-dijital-baski-nasil-calisir-islem-adimlari-ve-teknoloji.html","title":{"rendered":"Kuma\u015fta Dijital Bask\u0131 Nas\u0131l \u00c7al\u0131\u015f\u0131r? \u0130\u015flem Ad\u0131mlar\u0131 ve Teknoloji"},"content":{"rendered":"\n<p>Kuma\u015fta dijital bask\u0131, son derece hassas ve etkili bir teknoloji olup, temelde birka\u00e7 \u00f6nemli i\u015flem ad\u0131m\u0131n\u0131 i\u00e7erir. \u0130lk ad\u0131m, tasar\u0131m\u0131n dijital olarak olu\u015fturulmas\u0131 veya dijital bir formata d\u00f6n\u00fc\u015ft\u00fcr\u00fclmesidir. Bu, tasar\u0131mc\u0131lar\u0131n renklerin, desenlerin ve detaylar\u0131n kuma\u015fa aktar\u0131lacak \u015fekilde haz\u0131rl\u0131k yapmas\u0131n\u0131 sa\u011flar.<\/p>\n\n\n\n<p>Daha sonra, bu dijital tasar\u0131m, \u00f6zel dijital bask\u0131 makineleri taraf\u0131ndan kuma\u015f y\u00fczeyine aktar\u0131l\u0131r. Bu makineler, m\u00fcrekkep p\u00fcsk\u00fcrtme veya di\u011fer benzer teknolojiler kullanarak, tasar\u0131m\u0131 kuma\u015f\u0131n liflerine i\u015fler. Dijital bask\u0131, herhangi bir renkte veya desende olabilen m\u00fcrekkeplerin ince damlalar halinde kontroll\u00fc bir \u015fekilde uygulanmas\u0131 sayesinde son derece detayl\u0131 sonu\u00e7lar elde etmeyi m\u00fcmk\u00fcn k\u0131lar.<\/p>\n\n\n\n<p>M\u00fcrekkep uygulama i\u015fleminden sonra, kuma\u015f bir fikse makinesine veya kurutucuya y\u00f6nlendirilir. Bu ad\u0131m, m\u00fcrekkebin sabitlenmesini ve kuma\u015f\u0131n kal\u0131c\u0131 olarak renklendirilmesini sa\u011flar. Sonu\u00e7, canl\u0131 ve dayan\u0131kl\u0131 bir renk ge\u00e7i\u015fine sahip kuma\u015f \u00fcr\u00fcnleridir.<\/p>\n\n\n\n<p>Kuma\u015fta dijital bask\u0131n\u0131n temelini atan bu i\u015flem ad\u0131mlar\u0131, moda ve tekstil end\u00fcstrisinde \u00f6zg\u00fcn tasar\u0131mlar\u0131n h\u0131zl\u0131 bir \u015fekilde \u00fcretilmesini, s\u00fcrd\u00fcr\u00fclebilirli\u011fi art\u0131r\u0131lmas\u0131n\u0131 ve m\u00fc\u015fteri taleplerine h\u0131zla yan\u0131t verilmesini m\u00fcmk\u00fcn k\u0131lar. Bu teknoloji, kuma\u015f\u0131n \u00f6zg\u00fcnl\u00fc\u011f\u00fcn\u00fc koruyarak yarat\u0131c\u0131l\u0131\u011f\u0131 s\u0131n\u0131rlamadan kaliteli ve \u00e7e\u015fitli \u00fcr\u00fcnler sunman\u0131n kap\u0131lar\u0131n\u0131 aralar.<\/p>\n","protected":false},"excerpt":{"rendered":"<p>Kuma\u015fta dijital bask\u0131, son derece hassas ve etkili bir teknoloji olup, temelde birka\u00e7 \u00f6nemli i\u015flem ad\u0131m\u0131n\u0131 i\u00e7erir. \u0130lk ad\u0131m, tasar\u0131m\u0131n dijital olarak olu\u015fturulmas\u0131 veya dijital bir formata d\u00f6n\u00fc\u015ft\u00fcr\u00fclmesidir. Bu, tasar\u0131mc\u0131lar\u0131n renklerin, desenlerin ve detaylar\u0131n kuma\u015fa aktar\u0131lacak \u015fekilde haz\u0131rl\u0131k yapmas\u0131n\u0131 sa\u011flar. Daha sonra, bu dijital tasar\u0131m, \u00f6zel dijital bask\u0131 makineleri taraf\u0131ndan kuma\u015f y\u00fczeyine aktar\u0131l\u0131r. Bu makineler, [&hellip;]<\/p>\n","protected":false},"author":1,"featured_media":158,"comment_status":"closed","ping_status":"closed","sticky":false,"template":"","format":"standard","meta":{"footnotes":""},"categories":[7],"tags":[15,36],"_links":{"self":[{"href":"https:\/\/www.guzeldagtekstil.com.tr\/tr\/wp-json\/wp\/v2\/posts\/157"}],"collection":[{"href":"https:\/\/www.guzeldagtekstil.com.tr\/tr\/wp-json\/wp\/v2\/posts"}],"about":[{"href":"https:\/\/www.guzeldagtekstil.com.tr\/tr\/wp-json\/wp\/v2\/types\/post"}],"author":[{"embeddable":true,"href":"https:\/\/www.guzeldagtekstil.com.tr\/tr\/wp-json\/wp\/v2\/users\/1"}],"replies":[{"embeddable":true,"href":"https:\/\/www.guzeldagtekstil.com.tr\/tr\/wp-json\/wp\/v2\/comments?post=157"}],"version-history":[{"count":1,"href":"https:\/\/www.guzeldagtekstil.com.tr\/tr\/wp-json\/wp\/v2\/posts\/157\/revisions"}],"predecessor-version":[{"id":159,"href":"https:\/\/www.guzeldagtekstil.com.tr\/tr\/wp-json\/wp\/v2\/posts\/157\/revisions\/159"}],"wp:featuredmedia":[{"embeddable":true,"href":"https:\/\/www.guzeldagtekstil.com.tr\/tr\/wp-json\/wp\/v2\/media\/158"}],"wp:attachment":[{"href":"https:\/\/www.guzeldagtekstil.com.tr\/tr\/wp-json\/wp\/v2\/media?parent=157"}],"wp:term":[{"taxonomy":"category","embeddable":true,"href":"https:\/\/www.guzeldagtekstil.com.tr\/tr\/wp-json\/wp\/v2\/categories?post=157"},{"taxonomy":"post_tag","embeddable":true,"href":"https:\/\/www.guzeldagtekstil.com.tr\/tr\/wp-json\/wp\/v2\/tags?post=157"}],"curies":[{"name":"wp","href":"https:\/\/api.w.org\/{rel}","templated":true}]}}