{"id":151,"date":"2023-12-28T09:54:02","date_gmt":"2023-12-28T06:54:02","guid":{"rendered":"https:\/\/www.guzeldagtekstil.com.tr\/tr\/?p=151"},"modified":"2023-11-15T12:45:48","modified_gmt":"2023-11-15T09:45:48","slug":"dijital-baskinin-gucu-kumas-urunlerinde-kalite-ve-cesitliligi-kesfedin","status":"publish","type":"post","link":"https:\/\/www.guzeldagtekstil.com.tr\/tr\/dijital-baskinin-gucu-kumas-urunlerinde-kalite-ve-cesitliligi-kesfedin.html","title":{"rendered":"Dijital Bask\u0131n\u0131n G\u00fcc\u00fc: Kuma\u015f \u00dcr\u00fcnlerinde Kalite ve \u00c7e\u015fitlili\u011fi Ke\u015ffedin"},"content":{"rendered":"\n<p>Dijital bask\u0131n\u0131n y\u00fckselen g\u00fcc\u00fc, moda ve tekstil end\u00fcstrisinde kalite ve \u00e7e\u015fitlilik konular\u0131nda devrim yarat\u0131yor. Geleneksel bask\u0131 y\u00f6ntemlerine k\u0131yasla \u00e7ok daha esnek ve \u00f6zelle\u015ftirilebilir bir yakla\u015f\u0131m sunan dijital bask\u0131, kuma\u015f \u00fcr\u00fcnlerinin tasar\u0131m\u0131nda ve \u00fcretiminde benzersiz bir avantaj sa\u011flar. Bu teknoloji, tasar\u0131mc\u0131lar\u0131n hayal g\u00fcc\u00fcn\u00fc serbest b\u0131rakmas\u0131na olanak tan\u0131r ve her projeye \u00f6zg\u00fc bir estetik katman\u0131n olu\u015fturulmas\u0131na yard\u0131mc\u0131 olur.<\/p>\n\n\n\n<p>Dijital bask\u0131, renk ge\u00e7i\u015fleri, detaylar ve desenlerde inan\u0131lmaz bir hassasiyet sunar. Bu sayede, kuma\u015flar \u00fczerine aktar\u0131lan grafikler ve renkler, ger\u00e7ek hayattaki g\u00f6r\u00fcn\u00fcmlerini korur ve g\u00f6rsel olarak etkileyici sonu\u00e7lar \u00fcretir. \u00dcstelik, bu teknikle \u00fcretilen kuma\u015flar dayan\u0131kl\u0131d\u0131r ve renkleri uzun s\u00fcre canl\u0131l\u0131\u011f\u0131n\u0131 korur, bu da \u00fcr\u00fcnlerin kalitesini art\u0131r\u0131r.<\/p>\n\n\n\n<p>Dijital bask\u0131, sadece renklerin canl\u0131l\u0131\u011f\u0131n\u0131 ve detaylar\u0131n zenginli\u011fini art\u0131rmakla kalmaz, ayn\u0131 zamanda tasar\u0131m s\u00fcrecini h\u0131zland\u0131r\u0131r ve prototip \u00fcretimini kolayla\u015ft\u0131r\u0131r. Bu, moda markalar\u0131na h\u0131zl\u0131 bir \u015fekilde yeni koleksiyonlar sunma ve m\u00fc\u015fteri taleplerine an\u0131nda yan\u0131t verme olana\u011f\u0131 sa\u011flar. \u00d6zellikle m\u00fc\u015fterilerin \u00f6zelle\u015ftirilmi\u015f \u00fcr\u00fcnler talep etti\u011fi bir d\u00f6nemde, dijital bask\u0131 \u00e7e\u015fitlilik konusunda s\u0131n\u0131rlar\u0131 kald\u0131r\u0131r ve herkesin kendi tarz\u0131n\u0131 yans\u0131tan \u00fcr\u00fcnler bulmas\u0131na yard\u0131mc\u0131 olur.<\/p>\n\n\n\n<p>Sonu\u00e7 olarak, dijital bask\u0131n\u0131n g\u00fcc\u00fc, kuma\u015f \u00fcr\u00fcnlerinde kalite ve \u00e7e\u015fitlili\u011fi ke\u015ffetmenize olanak tan\u0131r. Moda ve tekstil sekt\u00f6r\u00fc i\u00e7in bu teknoloji, yarat\u0131c\u0131 ifadeyi s\u0131n\u0131rlamadan estetik ve i\u015flevsellikte m\u00fckemmeli yakalama f\u0131rsat\u0131 sunar. Renklerin b\u00fcy\u00fcl\u00fc d\u00fcnyas\u0131n\u0131 ve \u00f6zg\u00fcn tasar\u0131m\u0131n g\u00fcc\u00fcn\u00fc kuma\u015flar\u0131n\u0131za ta\u015f\u0131yarak, markan\u0131z\u0131n rekabet avantaj\u0131n\u0131 art\u0131rabilirsiniz.<\/p>\n","protected":false},"excerpt":{"rendered":"<p>Dijital bask\u0131n\u0131n y\u00fckselen g\u00fcc\u00fc, moda ve tekstil end\u00fcstrisinde kalite ve \u00e7e\u015fitlilik konular\u0131nda devrim yarat\u0131yor. Geleneksel bask\u0131 y\u00f6ntemlerine k\u0131yasla \u00e7ok daha esnek ve \u00f6zelle\u015ftirilebilir bir yakla\u015f\u0131m sunan dijital bask\u0131, kuma\u015f \u00fcr\u00fcnlerinin tasar\u0131m\u0131nda ve \u00fcretiminde benzersiz bir avantaj sa\u011flar. Bu teknoloji, tasar\u0131mc\u0131lar\u0131n hayal g\u00fcc\u00fcn\u00fc serbest b\u0131rakmas\u0131na olanak tan\u0131r ve her projeye \u00f6zg\u00fc bir estetik katman\u0131n olu\u015fturulmas\u0131na yard\u0131mc\u0131 [&hellip;]<\/p>\n","protected":false},"author":1,"featured_media":152,"comment_status":"closed","ping_status":"closed","sticky":false,"template":"","format":"standard","meta":{"footnotes":""},"categories":[7],"tags":[15,40],"_links":{"self":[{"href":"https:\/\/www.guzeldagtekstil.com.tr\/tr\/wp-json\/wp\/v2\/posts\/151"}],"collection":[{"href":"https:\/\/www.guzeldagtekstil.com.tr\/tr\/wp-json\/wp\/v2\/posts"}],"about":[{"href":"https:\/\/www.guzeldagtekstil.com.tr\/tr\/wp-json\/wp\/v2\/types\/post"}],"author":[{"embeddable":true,"href":"https:\/\/www.guzeldagtekstil.com.tr\/tr\/wp-json\/wp\/v2\/users\/1"}],"replies":[{"embeddable":true,"href":"https:\/\/www.guzeldagtekstil.com.tr\/tr\/wp-json\/wp\/v2\/comments?post=151"}],"version-history":[{"count":1,"href":"https:\/\/www.guzeldagtekstil.com.tr\/tr\/wp-json\/wp\/v2\/posts\/151\/revisions"}],"predecessor-version":[{"id":153,"href":"https:\/\/www.guzeldagtekstil.com.tr\/tr\/wp-json\/wp\/v2\/posts\/151\/revisions\/153"}],"wp:featuredmedia":[{"embeddable":true,"href":"https:\/\/www.guzeldagtekstil.com.tr\/tr\/wp-json\/wp\/v2\/media\/152"}],"wp:attachment":[{"href":"https:\/\/www.guzeldagtekstil.com.tr\/tr\/wp-json\/wp\/v2\/media?parent=151"}],"wp:term":[{"taxonomy":"category","embeddable":true,"href":"https:\/\/www.guzeldagtekstil.com.tr\/tr\/wp-json\/wp\/v2\/categories?post=151"},{"taxonomy":"post_tag","embeddable":true,"href":"https:\/\/www.guzeldagtekstil.com.tr\/tr\/wp-json\/wp\/v2\/tags?post=151"}],"curies":[{"name":"wp","href":"https:\/\/api.w.org\/{rel}","templated":true}]}}