{"id":142,"date":"2023-11-13T10:50:12","date_gmt":"2023-11-13T07:50:12","guid":{"rendered":"https:\/\/www.guzeldagtekstil.com.tr\/tr\/?p=142"},"modified":"2023-11-15T12:51:48","modified_gmt":"2023-11-15T09:51:48","slug":"kumasta-dijital-baski-teknikleri-renklerin-buyusune-sahit-olun","status":"publish","type":"post","link":"https:\/\/www.guzeldagtekstil.com.tr\/tr\/kumasta-dijital-baski-teknikleri-renklerin-buyusune-sahit-olun.html","title":{"rendered":"Kuma\u015fta Dijital Bask\u0131 Teknikleri: Renklerin B\u00fcy\u00fcs\u00fcne \u015eahit Olun"},"content":{"rendered":"\n<p>Kuma\u015fta dijital bask\u0131 teknikleri, renklerin b\u00fcy\u00fcl\u00fc d\u00fcnyas\u0131n\u0131 moda ve tekstil sekt\u00f6r\u00fcne getiriyor. Geleneksel bask\u0131 y\u00f6ntemlerinin aksine, dijital bask\u0131, renklerin zenginli\u011fini ve canl\u0131l\u0131\u011f\u0131n\u0131 kuma\u015flara aktarmak i\u00e7in son derece hassas bir y\u00f6ntem sunar. Bu teknoloji, tasar\u0131mc\u0131lar\u0131n ve \u00fcreticilerin hayal ettikleri renkleri ve desenleri kuma\u015flara d\u00f6kme \u00f6zg\u00fcrl\u00fc\u011f\u00fcn\u00fc geni\u015fletir.<\/p>\n\n\n\n<p>Dijital bask\u0131, RGB renk gam\u0131n\u0131n t\u00fcm tonlar\u0131n\u0131 kullanma olana\u011f\u0131 sa\u011flar, bu da sonu\u00e7ta kuma\u015flarda benzersiz ve \u00e7arp\u0131c\u0131 renk kombinasyonlar\u0131n\u0131 m\u00fcmk\u00fcn k\u0131lar. Renk ge\u00e7i\u015fleri ve detaylar, bu teknikle olduk\u00e7a hassas bir \u015fekilde uygulanabilir. Bu sayede, kuma\u015flar daha canl\u0131, derin ve g\u00f6z al\u0131c\u0131 hale gelir, tasar\u0131m\u0131n \u00f6zg\u00fcnl\u00fc\u011f\u00fc ve kalitesi artar.<\/p>\n\n\n\n<p>Renklerin b\u00fcy\u00fcs\u00fc, sadece estetik a\u00e7\u0131dan de\u011fil, ayn\u0131 zamanda markalar i\u00e7in de b\u00fcy\u00fck bir \u00f6nem ta\u015f\u0131r. Renkler, bir markan\u0131n kimli\u011fini ve tarz\u0131n\u0131 yans\u0131t\u0131r, bu nedenle dijital bask\u0131, markalar\u0131n \u00f6zg\u00fcn bir \u015fekilde ifade edilmesine yard\u0131mc\u0131 olur. Ayn\u0131 zamanda, bu teknoloji tasar\u0131m s\u00fcrecini h\u0131zland\u0131r\u0131r, prototip \u00fcretimini kolayla\u015ft\u0131r\u0131r ve at\u0131k miktar\u0131n\u0131 azalt\u0131r, b\u00f6ylece s\u00fcrd\u00fcr\u00fclebilirli\u011fi destekler.<\/p>\n\n\n\n<p>Sonu\u00e7 olarak, kuma\u015fta dijital bask\u0131 teknikleri, renklerin b\u00fcy\u00fcs\u00fcn\u00fc tam anlam\u0131yla \u015fahit olman\u0131z\u0131 sa\u011flar. Bu teknoloji, moda ve tekstil d\u00fcnyas\u0131nda yarat\u0131c\u0131 ifadeyi geni\u015fletir ve renklerin g\u00fcc\u00fcn\u00fc her bir tasar\u0131mc\u0131n\u0131n eline verir. Renklerin canl\u0131l\u0131\u011f\u0131n\u0131 ve detaylar\u0131n\u0131 \u00f6n plana \u00e7\u0131karan dijital bask\u0131, gelece\u011fin tekstil end\u00fcstrisinin kap\u0131lar\u0131n\u0131 aral\u0131yor.<\/p>\n","protected":false},"excerpt":{"rendered":"<p>Kuma\u015fta dijital bask\u0131 teknikleri, renklerin b\u00fcy\u00fcl\u00fc d\u00fcnyas\u0131n\u0131 moda ve tekstil sekt\u00f6r\u00fcne getiriyor. Geleneksel bask\u0131 y\u00f6ntemlerinin aksine, dijital bask\u0131, renklerin zenginli\u011fini ve canl\u0131l\u0131\u011f\u0131n\u0131 kuma\u015flara aktarmak i\u00e7in son derece hassas bir y\u00f6ntem sunar. Bu teknoloji, tasar\u0131mc\u0131lar\u0131n ve \u00fcreticilerin hayal ettikleri renkleri ve desenleri kuma\u015flara d\u00f6kme \u00f6zg\u00fcrl\u00fc\u011f\u00fcn\u00fc geni\u015fletir. Dijital bask\u0131, RGB renk gam\u0131n\u0131n t\u00fcm tonlar\u0131n\u0131 kullanma olana\u011f\u0131 sa\u011flar, [&hellip;]<\/p>\n","protected":false},"author":1,"featured_media":143,"comment_status":"closed","ping_status":"closed","sticky":false,"template":"","format":"standard","meta":{"footnotes":""},"categories":[7],"tags":[51,52],"_links":{"self":[{"href":"https:\/\/www.guzeldagtekstil.com.tr\/tr\/wp-json\/wp\/v2\/posts\/142"}],"collection":[{"href":"https:\/\/www.guzeldagtekstil.com.tr\/tr\/wp-json\/wp\/v2\/posts"}],"about":[{"href":"https:\/\/www.guzeldagtekstil.com.tr\/tr\/wp-json\/wp\/v2\/types\/post"}],"author":[{"embeddable":true,"href":"https:\/\/www.guzeldagtekstil.com.tr\/tr\/wp-json\/wp\/v2\/users\/1"}],"replies":[{"embeddable":true,"href":"https:\/\/www.guzeldagtekstil.com.tr\/tr\/wp-json\/wp\/v2\/comments?post=142"}],"version-history":[{"count":2,"href":"https:\/\/www.guzeldagtekstil.com.tr\/tr\/wp-json\/wp\/v2\/posts\/142\/revisions"}],"predecessor-version":[{"id":145,"href":"https:\/\/www.guzeldagtekstil.com.tr\/tr\/wp-json\/wp\/v2\/posts\/142\/revisions\/145"}],"wp:featuredmedia":[{"embeddable":true,"href":"https:\/\/www.guzeldagtekstil.com.tr\/tr\/wp-json\/wp\/v2\/media\/143"}],"wp:attachment":[{"href":"https:\/\/www.guzeldagtekstil.com.tr\/tr\/wp-json\/wp\/v2\/media?parent=142"}],"wp:term":[{"taxonomy":"category","embeddable":true,"href":"https:\/\/www.guzeldagtekstil.com.tr\/tr\/wp-json\/wp\/v2\/categories?post=142"},{"taxonomy":"post_tag","embeddable":true,"href":"https:\/\/www.guzeldagtekstil.com.tr\/tr\/wp-json\/wp\/v2\/tags?post=142"}],"curies":[{"name":"wp","href":"https:\/\/api.w.org\/{rel}","templated":true}]}}