{"id":139,"date":"2023-12-05T09:48:37","date_gmt":"2023-12-05T06:48:37","guid":{"rendered":"https:\/\/www.guzeldagtekstil.com.tr\/tr\/?p=139"},"modified":"2023-11-15T12:46:40","modified_gmt":"2023-11-15T09:46:40","slug":"kumas-tasariminda-duz-boya-renklerin-sadelikteki-gucu","status":"publish","type":"post","link":"https:\/\/www.guzeldagtekstil.com.tr\/tr\/kumas-tasariminda-duz-boya-renklerin-sadelikteki-gucu.html","title":{"rendered":"Kuma\u015f Tasar\u0131m\u0131nda D\u00fcz Boya: Renklerin Sadelikteki G\u00fcc\u00fc"},"content":{"rendered":"\n<p>Kuma\u015f tasar\u0131m\u0131, renklerin ve desenlerin bir araya geldi\u011fi bir sanat formudur ve kuma\u015f tasar\u0131m\u0131nda d\u00fcz boya tekni\u011fi, bu yarat\u0131c\u0131 s\u00fcrecin \u00f6nemli bir par\u00e7as\u0131n\u0131 temsil eder. Bu \u00f6zel teknik, kuma\u015flara renk vermenin sade ve etkili bir yolunu sunar. Renklerin sadelikteki g\u00fcc\u00fc, kuma\u015flar\u0131n ve tasar\u0131mlar\u0131n \u00f6zg\u00fcnl\u00fc\u011f\u00fcn\u00fc vurgulamak i\u00e7in kullan\u0131l\u0131r.<\/p>\n\n\n\n<p>D\u00fcz boya tekni\u011fi, kuma\u015f\u0131n y\u00fczeyine istenen renkleri ve desenleri do\u011frudan uygulama prensibine dayan\u0131r. Bu, geleneksel dijital bask\u0131dan farkl\u0131d\u0131r, \u00e7\u00fcnk\u00fc d\u00fcz boya, renkleri kuma\u015f\u0131n liflerine n\u00fcfuz ettirir ve daha kal\u0131c\u0131, canl\u0131 sonu\u00e7lar sunar. Bu, tasar\u0131mc\u0131lara ve sanat\u00e7\u0131lara, \u00f6zel giyimden ev tekstiline kadar bir\u00e7ok uygulama alan\u0131nda daha fazla yarat\u0131c\u0131l\u0131k \u00f6zg\u00fcrl\u00fc\u011f\u00fc sa\u011flar.<\/p>\n\n\n\n<p>Renklerin sadelikteki g\u00fcc\u00fc, minimalizm ve zarafet aray\u0131\u015f\u0131nda olanlar i\u00e7in m\u00fckemmel bir tercihtir. Bu teknik, kuma\u015f tasar\u0131mlar\u0131n\u0131 daha az karma\u015f\u0131kl\u0131kla ifade etme yetene\u011fi sunar. Ayn\u0131 zamanda d\u00fcz boya, s\u00fcrd\u00fcr\u00fclebilirlik odakl\u0131 tasar\u0131m\u0131n bir par\u00e7as\u0131 olarak da \u00f6ne \u00e7\u0131kar, \u00e7\u00fcnk\u00fc az at\u0131k \u00fcretir ve kimyasallar\u0131n kullan\u0131m\u0131n\u0131 en aza indirir.<\/p>\n\n\n\n<p>Sonu\u00e7 olarak, kuma\u015f tasar\u0131m\u0131nda d\u00fcz boya renklerin sadelikteki g\u00fcc\u00fc, kuma\u015f tasar\u0131m\u0131n\u0131n \u00f6zg\u00fcnl\u00fc\u011f\u00fcn\u00fc ve zarafetini vurgulayan bir y\u00f6ntemdir. Renklerin sadelikteki g\u00fcc\u00fc, kuma\u015flara \u00f6zel bir kimlik kazand\u0131rmak isteyen herkes i\u00e7in bir sanatsal ifade arac\u0131d\u0131r.<\/p>\n","protected":false},"excerpt":{"rendered":"<p>Kuma\u015f tasar\u0131m\u0131, renklerin ve desenlerin bir araya geldi\u011fi bir sanat formudur ve kuma\u015f tasar\u0131m\u0131nda d\u00fcz boya tekni\u011fi, bu yarat\u0131c\u0131 s\u00fcrecin \u00f6nemli bir par\u00e7as\u0131n\u0131 temsil eder. Bu \u00f6zel teknik, kuma\u015flara renk vermenin sade ve etkili bir yolunu sunar. Renklerin sadelikteki g\u00fcc\u00fc, kuma\u015flar\u0131n ve tasar\u0131mlar\u0131n \u00f6zg\u00fcnl\u00fc\u011f\u00fcn\u00fc vurgulamak i\u00e7in kullan\u0131l\u0131r. D\u00fcz boya tekni\u011fi, kuma\u015f\u0131n y\u00fczeyine istenen renkleri ve [&hellip;]<\/p>\n","protected":false},"author":1,"featured_media":140,"comment_status":"closed","ping_status":"closed","sticky":false,"template":"","format":"standard","meta":{"footnotes":""},"categories":[7],"tags":[42,39,41],"_links":{"self":[{"href":"https:\/\/www.guzeldagtekstil.com.tr\/tr\/wp-json\/wp\/v2\/posts\/139"}],"collection":[{"href":"https:\/\/www.guzeldagtekstil.com.tr\/tr\/wp-json\/wp\/v2\/posts"}],"about":[{"href":"https:\/\/www.guzeldagtekstil.com.tr\/tr\/wp-json\/wp\/v2\/types\/post"}],"author":[{"embeddable":true,"href":"https:\/\/www.guzeldagtekstil.com.tr\/tr\/wp-json\/wp\/v2\/users\/1"}],"replies":[{"embeddable":true,"href":"https:\/\/www.guzeldagtekstil.com.tr\/tr\/wp-json\/wp\/v2\/comments?post=139"}],"version-history":[{"count":1,"href":"https:\/\/www.guzeldagtekstil.com.tr\/tr\/wp-json\/wp\/v2\/posts\/139\/revisions"}],"predecessor-version":[{"id":141,"href":"https:\/\/www.guzeldagtekstil.com.tr\/tr\/wp-json\/wp\/v2\/posts\/139\/revisions\/141"}],"wp:featuredmedia":[{"embeddable":true,"href":"https:\/\/www.guzeldagtekstil.com.tr\/tr\/wp-json\/wp\/v2\/media\/140"}],"wp:attachment":[{"href":"https:\/\/www.guzeldagtekstil.com.tr\/tr\/wp-json\/wp\/v2\/media?parent=139"}],"wp:term":[{"taxonomy":"category","embeddable":true,"href":"https:\/\/www.guzeldagtekstil.com.tr\/tr\/wp-json\/wp\/v2\/categories?post=139"},{"taxonomy":"post_tag","embeddable":true,"href":"https:\/\/www.guzeldagtekstil.com.tr\/tr\/wp-json\/wp\/v2\/tags?post=139"}],"curies":[{"name":"wp","href":"https:\/\/api.w.org\/{rel}","templated":true}]}}