{"id":136,"date":"2023-11-24T10:32:21","date_gmt":"2023-11-24T07:32:21","guid":{"rendered":"https:\/\/www.guzeldagtekstil.com.tr\/tr\/?p=136"},"modified":"2023-11-15T12:48:13","modified_gmt":"2023-11-15T09:48:13","slug":"dijital-baski-ile-kumas-tasarimi-yaraticiliginizi-sinirsizca-ifade-edin","status":"publish","type":"post","link":"https:\/\/www.guzeldagtekstil.com.tr\/tr\/dijital-baski-ile-kumas-tasarimi-yaraticiliginizi-sinirsizca-ifade-edin.html","title":{"rendered":"Dijital Bask\u0131 ile Kuma\u015f Tasar\u0131m\u0131: Yarat\u0131c\u0131l\u0131\u011f\u0131n\u0131z\u0131 S\u0131n\u0131rs\u0131zca \u0130fade Edin"},"content":{"rendered":"\n<p>Dijital bask\u0131 ile kuma\u015f tasar\u0131m\u0131, moda ve tekstil d\u00fcnyas\u0131nda yarat\u0131c\u0131 potansiyeli s\u0131n\u0131rs\u0131zca ifade etmenin kap\u0131lar\u0131n\u0131 aralamaktad\u0131r. Geleneksel bask\u0131 y\u00f6ntemlerine g\u00f6re \u00e7ok daha esnek ve \u00f6zelle\u015ftirilebilir bir yakla\u015f\u0131m sunan dijital bask\u0131, tasar\u0131mc\u0131lara ve markalara benzersiz ve ki\u015fiselle\u015ftirilmi\u015f kuma\u015flar \u00fcretme f\u0131rsat\u0131 sunar. Art\u0131k hayal etti\u011finiz her deseni veya desenleri kuma\u015flara d\u00f6kme \u00f6zg\u00fcrl\u00fc\u011f\u00fcn\u00fc elde edebilirsiniz.<\/p>\n\n\n\n<p>Dijital bask\u0131, h\u0131zl\u0131 tasar\u0131m prototipleri olu\u015fturman\u0131z\u0131 ve taleplere an\u0131nda yan\u0131t vermenizi sa\u011flar, bu da tasar\u0131m s\u00fcrecini h\u0131zland\u0131r\u0131r ve i\u015f verimlili\u011fini art\u0131r\u0131r. Ayr\u0131ca, bu teknolojiye dayal\u0131 \u00fcretim, daha az at\u0131k \u00fcretir ve bu da s\u00fcrd\u00fcr\u00fclebilirlik konusunda b\u00fcy\u00fck bir ad\u0131m atmam\u0131za olanak tan\u0131r.<\/p>\n\n\n\n<p>\u00d6zellikle moda end\u00fcstrisinde, m\u00fc\u015fteri taleplerinin \u00e7e\u015fitlili\u011fi her zamankinden fazla \u00f6nem ta\u015f\u0131maktad\u0131r. Dijital bask\u0131 ile kuma\u015f tasar\u0131m\u0131, m\u00fc\u015fteri memnuniyetini art\u0131rmak ve pazar rekabetinde \u00f6ne \u00e7\u0131kmak isteyen markalar i\u00e7in vazge\u00e7ilmez bir ara\u00e7t\u0131r. Her m\u00fc\u015fterinin kendine \u00f6zg\u00fc bir stil ve tercihleri vard\u0131r ve dijital bask\u0131, bu beklentilere kar\u015f\u0131l\u0131k verir.<\/p>\n\n\n\n<p>Sonu\u00e7 olarak, dijital bask\u0131 ile kuma\u015f tasar\u0131m\u0131, moda ve tekstil sekt\u00f6r\u00fcnde yarat\u0131c\u0131l\u0131\u011f\u0131n\u0131z\u0131 s\u0131n\u0131rlamadan \u00f6zg\u00fcrce ifade etmenizi sa\u011flar. Bu teknoloji sayesinde, her tasar\u0131m\u0131n \u00f6zel ve her kuma\u015f\u0131n e\u015fsiz olabilece\u011fi bir gelece\u011fe do\u011fru ilerliyoruz.<\/p>\n","protected":false},"excerpt":{"rendered":"<p>Dijital bask\u0131 ile kuma\u015f tasar\u0131m\u0131, moda ve tekstil d\u00fcnyas\u0131nda yarat\u0131c\u0131 potansiyeli s\u0131n\u0131rs\u0131zca ifade etmenin kap\u0131lar\u0131n\u0131 aralamaktad\u0131r. Geleneksel bask\u0131 y\u00f6ntemlerine g\u00f6re \u00e7ok daha esnek ve \u00f6zelle\u015ftirilebilir bir yakla\u015f\u0131m sunan dijital bask\u0131, tasar\u0131mc\u0131lara ve markalara benzersiz ve ki\u015fiselle\u015ftirilmi\u015f kuma\u015flar \u00fcretme f\u0131rsat\u0131 sunar. Art\u0131k hayal etti\u011finiz her deseni veya desenleri kuma\u015flara d\u00f6kme \u00f6zg\u00fcrl\u00fc\u011f\u00fcn\u00fc elde edebilirsiniz. Dijital bask\u0131, h\u0131zl\u0131 [&hellip;]<\/p>\n","protected":false},"author":1,"featured_media":137,"comment_status":"closed","ping_status":"closed","sticky":false,"template":"","format":"standard","meta":{"footnotes":""},"categories":[7],"tags":[15,45],"_links":{"self":[{"href":"https:\/\/www.guzeldagtekstil.com.tr\/tr\/wp-json\/wp\/v2\/posts\/136"}],"collection":[{"href":"https:\/\/www.guzeldagtekstil.com.tr\/tr\/wp-json\/wp\/v2\/posts"}],"about":[{"href":"https:\/\/www.guzeldagtekstil.com.tr\/tr\/wp-json\/wp\/v2\/types\/post"}],"author":[{"embeddable":true,"href":"https:\/\/www.guzeldagtekstil.com.tr\/tr\/wp-json\/wp\/v2\/users\/1"}],"replies":[{"embeddable":true,"href":"https:\/\/www.guzeldagtekstil.com.tr\/tr\/wp-json\/wp\/v2\/comments?post=136"}],"version-history":[{"count":1,"href":"https:\/\/www.guzeldagtekstil.com.tr\/tr\/wp-json\/wp\/v2\/posts\/136\/revisions"}],"predecessor-version":[{"id":138,"href":"https:\/\/www.guzeldagtekstil.com.tr\/tr\/wp-json\/wp\/v2\/posts\/136\/revisions\/138"}],"wp:featuredmedia":[{"embeddable":true,"href":"https:\/\/www.guzeldagtekstil.com.tr\/tr\/wp-json\/wp\/v2\/media\/137"}],"wp:attachment":[{"href":"https:\/\/www.guzeldagtekstil.com.tr\/tr\/wp-json\/wp\/v2\/media?parent=136"}],"wp:term":[{"taxonomy":"category","embeddable":true,"href":"https:\/\/www.guzeldagtekstil.com.tr\/tr\/wp-json\/wp\/v2\/categories?post=136"},{"taxonomy":"post_tag","embeddable":true,"href":"https:\/\/www.guzeldagtekstil.com.tr\/tr\/wp-json\/wp\/v2\/tags?post=136"}],"curies":[{"name":"wp","href":"https:\/\/api.w.org\/{rel}","templated":true}]}}