{"id":129,"date":"2023-11-10T09:40:25","date_gmt":"2023-11-10T06:40:25","guid":{"rendered":"https:\/\/www.guzeldagtekstil.com.tr\/tr\/?p=129"},"modified":"2023-11-15T12:52:26","modified_gmt":"2023-11-15T09:52:26","slug":"kumasta-dijital-baski-teknolojik-devrimin-tekstil-sektorundeki-rolu","status":"publish","type":"post","link":"https:\/\/www.guzeldagtekstil.com.tr\/tr\/kumasta-dijital-baski-teknolojik-devrimin-tekstil-sektorundeki-rolu.html","title":{"rendered":"Kuma\u015fta Dijital Bask\u0131: Teknolojik Devrimin Tekstil Sekt\u00f6r\u00fcndeki Rol\u00fc"},"content":{"rendered":"\n<p>Teknolojinin h\u0131zla geli\u015fti\u011fi bu d\u00f6nemde, kuma\u015fta dijital bask\u0131, moda ve tekstil sekt\u00f6r\u00fcnde k\u00f6kl\u00fc bir de\u011fi\u015fim ve d\u00f6n\u00fc\u015f\u00fcm yaratmaktad\u0131r. Geleneksel bask\u0131 y\u00f6ntemlerine g\u00f6re \u00e7ok daha h\u0131zl\u0131, esnek ve s\u00fcrd\u00fcr\u00fclebilir bir yakla\u015f\u0131m sunan dijital bask\u0131, tasar\u0131mc\u0131lar\u0131n ve \u00fcreticilerin yarat\u0131c\u0131l\u0131klar\u0131n\u0131 s\u0131n\u0131rlamadan kuma\u015flara benzersiz desenler ve grafikler eklemelerini sa\u011flar.<\/p>\n\n\n\n<p>Kuma\u015fta dijital bask\u0131n\u0131n moda end\u00fcstrisindeki rol\u00fc giderek b\u00fcy\u00fcmekte ve \u00f6nem kazanmaktad\u0131r. Bu yenilik\u00e7i teknoloji, sadece h\u0131z ve maliyet a\u00e7\u0131s\u0131ndan avantajlar sunmakla kalmaz, ayn\u0131 zamanda s\u00fcrd\u00fcr\u00fclebilirlik konusunda da \u00e7\u0131\u011f\u0131r a\u00e7maktad\u0131r. Geleneksel bask\u0131 y\u00f6ntemleri genellikle fazla at\u0131k \u00fcretirken, dijital bask\u0131 daha az su ve enerji t\u00fcketerek \u00e7evre dostu bir se\u00e7enek sunar.<\/p>\n\n\n\n<p>Ayr\u0131ca, kuma\u015fta dijital bask\u0131, \u00f6zelle\u015ftirilmi\u015f giyim ve tekstil \u00fcr\u00fcnlerinin yarat\u0131lmas\u0131n\u0131 kolayla\u015ft\u0131r\u0131r. M\u00fc\u015fteriler art\u0131k kendi tasar\u0131mlar\u0131n\u0131 veya tercih ettikleri desenleri se\u00e7ebilir, bu da markalar\u0131n m\u00fc\u015fteri memnuniyetini art\u0131rmas\u0131na yard\u0131mc\u0131 olur. Moda ve tekstil end\u00fcstrisinde rekabetin yo\u011fun oldu\u011fu bu d\u00f6nemde, bu teknolojik geli\u015fme markalar\u0131n farkl\u0131la\u015fmas\u0131na ve benzersiz \u00fcr\u00fcnler sunmas\u0131na olanak tan\u0131r.<\/p>\n\n\n\n<p>Kuma\u015fta dijital bask\u0131, hem b\u00fcy\u00fck tekstil fabrikalar\u0131 hem de k\u00fc\u00e7\u00fck at\u00f6lyeler i\u00e7in bir\u00e7ok f\u0131rsat sunmaktad\u0131r. Bu teknolojik devrim, sekt\u00f6rde daha fazla yenilik, verimlilik ve \u00e7evre duyarl\u0131l\u0131\u011f\u0131 getirerek moda ve tekstil end\u00fcstrisini gelece\u011fe ta\u015f\u0131yor.<\/p>\n","protected":false},"excerpt":{"rendered":"<p>Teknolojinin h\u0131zla geli\u015fti\u011fi bu d\u00f6nemde, kuma\u015fta dijital bask\u0131, moda ve tekstil sekt\u00f6r\u00fcnde k\u00f6kl\u00fc bir de\u011fi\u015fim ve d\u00f6n\u00fc\u015f\u00fcm yaratmaktad\u0131r. Geleneksel bask\u0131 y\u00f6ntemlerine g\u00f6re \u00e7ok daha h\u0131zl\u0131, esnek ve s\u00fcrd\u00fcr\u00fclebilir bir yakla\u015f\u0131m sunan dijital bask\u0131, tasar\u0131mc\u0131lar\u0131n ve \u00fcreticilerin yarat\u0131c\u0131l\u0131klar\u0131n\u0131 s\u0131n\u0131rlamadan kuma\u015flara benzersiz desenler ve grafikler eklemelerini sa\u011flar. Kuma\u015fta dijital bask\u0131n\u0131n moda end\u00fcstrisindeki rol\u00fc giderek b\u00fcy\u00fcmekte ve \u00f6nem [&hellip;]<\/p>\n","protected":false},"author":1,"featured_media":221,"comment_status":"closed","ping_status":"closed","sticky":false,"template":"","format":"standard","meta":{"footnotes":""},"categories":[7],"tags":[53,54],"_links":{"self":[{"href":"https:\/\/www.guzeldagtekstil.com.tr\/tr\/wp-json\/wp\/v2\/posts\/129"}],"collection":[{"href":"https:\/\/www.guzeldagtekstil.com.tr\/tr\/wp-json\/wp\/v2\/posts"}],"about":[{"href":"https:\/\/www.guzeldagtekstil.com.tr\/tr\/wp-json\/wp\/v2\/types\/post"}],"author":[{"embeddable":true,"href":"https:\/\/www.guzeldagtekstil.com.tr\/tr\/wp-json\/wp\/v2\/users\/1"}],"replies":[{"embeddable":true,"href":"https:\/\/www.guzeldagtekstil.com.tr\/tr\/wp-json\/wp\/v2\/comments?post=129"}],"version-history":[{"count":2,"href":"https:\/\/www.guzeldagtekstil.com.tr\/tr\/wp-json\/wp\/v2\/posts\/129\/revisions"}],"predecessor-version":[{"id":509,"href":"https:\/\/www.guzeldagtekstil.com.tr\/tr\/wp-json\/wp\/v2\/posts\/129\/revisions\/509"}],"wp:featuredmedia":[{"embeddable":true,"href":"https:\/\/www.guzeldagtekstil.com.tr\/tr\/wp-json\/wp\/v2\/media\/221"}],"wp:attachment":[{"href":"https:\/\/www.guzeldagtekstil.com.tr\/tr\/wp-json\/wp\/v2\/media?parent=129"}],"wp:term":[{"taxonomy":"category","embeddable":true,"href":"https:\/\/www.guzeldagtekstil.com.tr\/tr\/wp-json\/wp\/v2\/categories?post=129"},{"taxonomy":"post_tag","embeddable":true,"href":"https:\/\/www.guzeldagtekstil.com.tr\/tr\/wp-json\/wp\/v2\/tags?post=129"}],"curies":[{"name":"wp","href":"https:\/\/api.w.org\/{rel}","templated":true}]}}