{"id":126,"date":"2023-11-07T10:43:11","date_gmt":"2023-11-07T07:43:11","guid":{"rendered":"https:\/\/www.guzeldagtekstil.com.tr\/tr\/?p=126"},"modified":"2023-11-15T12:54:06","modified_gmt":"2023-11-15T09:54:06","slug":"kumas-boyama-sanati-kumasta-duz-boya-nedir","status":"publish","type":"post","link":"https:\/\/www.guzeldagtekstil.com.tr\/tr\/kumas-boyama-sanati-kumasta-duz-boya-nedir.html","title":{"rendered":"Kuma\u015f Boyama Sanat\u0131: Kuma\u015fta D\u00fcz Boya Nedir?"},"content":{"rendered":"\n<p>Kuma\u015f boyama sanat\u0131, tekstil d\u00fcnyas\u0131nda \u00f6nemli bir yer tutar. Kuma\u015f\u0131n renklenmesi ve desenlenmesi i\u015flemi, kuma\u015f\u0131n estetik de\u011ferini art\u0131rman\u0131n yan\u0131 s\u0131ra farkl\u0131 end\u00fcstrilerde de kullan\u0131l\u0131r. Bu sanat\u0131n temel unsurlar\u0131ndan biri kuma\u015fta d\u00fcz boya tekni\u011fidir. D\u00fcz boya, kuma\u015f\u0131n y\u00fczeyine tek bir renk uygulama s\u00fcrecini ifade eder. Bu teknik, kuma\u015f\u0131n sade ve zarif bir g\u00f6r\u00fcn\u00fcm kazanmas\u0131na yard\u0131mc\u0131 olur.<\/p>\n\n\n\n<p>D\u00fcz boya, kuma\u015f\u0131n t\u00fcr\u00fcne, boyama i\u015flemine kullan\u0131lan boyaya ve uygulama y\u00f6ntemine g\u00f6re de\u011fi\u015febilir. \u00d6zellikle giyim end\u00fcstrisinde, d\u00fcz boya kuma\u015flar\u0131n temel yap\u0131 ta\u015flar\u0131ndan biridir. Pamuk, keten, ipek gibi farkl\u0131 kuma\u015f t\u00fcrleri d\u00fcz boya tekni\u011fi ile boyanabilir. Bu i\u015flem, kuma\u015f\u0131n y\u00fczeyine istenen renk ve dokuyu ekler, b\u00f6ylece tasar\u0131mc\u0131lar ve modac\u0131lar \u00f6zg\u00fcn koleksiyonlar olu\u015fturabilirler.<\/p>\n\n\n\n<p>Kuma\u015fta d\u00fcz boya, end\u00fcstriyel boyama makineleri veya el ile yap\u0131labilecek bir s\u00fcre\u00e7tir. Geleneksel y\u00f6ntemlerden g\u00fcn\u00fcm\u00fcz teknolojilerine kadar bir\u00e7ok farkl\u0131 yakla\u015f\u0131m vard\u0131r. Bu sayede, her biri benzersiz ve \u00f6zg\u00fcn olan kuma\u015flar \u00fcretebiliriz. Ayr\u0131ca, d\u00fcz boya i\u015flemi kuma\u015f\u0131n dayan\u0131kl\u0131l\u0131\u011f\u0131n\u0131 art\u0131rabilir ve renklerin solmas\u0131n\u0131 \u00f6nler.<\/p>\n\n\n\n<p>Sonu\u00e7 olarak, kuma\u015f boyama sanat\u0131n\u0131n temel ta\u015flar\u0131ndan biri olan kuma\u015fta d\u00fcz boya, kuma\u015f end\u00fcstrisindeki yarat\u0131c\u0131 potansiyeli ve estetik de\u011feri art\u0131ran \u00f6nemli bir s\u00fcre\u00e7tir. Bu teknik, giyimden ev tekstiline, aksesuarlardan sanatsal projelere kadar bir\u00e7ok alanda kullan\u0131l\u0131r ve farkl\u0131 dokularla, renklerle ve stillerle oynama olana\u011f\u0131 sunar.<\/p>\n","protected":false},"excerpt":{"rendered":"<p>Kuma\u015f boyama sanat\u0131, tekstil d\u00fcnyas\u0131nda \u00f6nemli bir yer tutar. Kuma\u015f\u0131n renklenmesi ve desenlenmesi i\u015flemi, kuma\u015f\u0131n estetik de\u011ferini art\u0131rman\u0131n yan\u0131 s\u0131ra farkl\u0131 end\u00fcstrilerde de kullan\u0131l\u0131r. Bu sanat\u0131n temel unsurlar\u0131ndan biri kuma\u015fta d\u00fcz boya tekni\u011fidir. D\u00fcz boya, kuma\u015f\u0131n y\u00fczeyine tek bir renk uygulama s\u00fcrecini ifade eder. Bu teknik, kuma\u015f\u0131n sade ve zarif bir g\u00f6r\u00fcn\u00fcm kazanmas\u0131na yard\u0131mc\u0131 olur. [&hellip;]<\/p>\n","protected":false},"author":1,"featured_media":127,"comment_status":"closed","ping_status":"closed","sticky":false,"template":"","format":"standard","meta":{"footnotes":""},"categories":[7],"tags":[28,57,58],"_links":{"self":[{"href":"https:\/\/www.guzeldagtekstil.com.tr\/tr\/wp-json\/wp\/v2\/posts\/126"}],"collection":[{"href":"https:\/\/www.guzeldagtekstil.com.tr\/tr\/wp-json\/wp\/v2\/posts"}],"about":[{"href":"https:\/\/www.guzeldagtekstil.com.tr\/tr\/wp-json\/wp\/v2\/types\/post"}],"author":[{"embeddable":true,"href":"https:\/\/www.guzeldagtekstil.com.tr\/tr\/wp-json\/wp\/v2\/users\/1"}],"replies":[{"embeddable":true,"href":"https:\/\/www.guzeldagtekstil.com.tr\/tr\/wp-json\/wp\/v2\/comments?post=126"}],"version-history":[{"count":2,"href":"https:\/\/www.guzeldagtekstil.com.tr\/tr\/wp-json\/wp\/v2\/posts\/126\/revisions"}],"predecessor-version":[{"id":132,"href":"https:\/\/www.guzeldagtekstil.com.tr\/tr\/wp-json\/wp\/v2\/posts\/126\/revisions\/132"}],"wp:featuredmedia":[{"embeddable":true,"href":"https:\/\/www.guzeldagtekstil.com.tr\/tr\/wp-json\/wp\/v2\/media\/127"}],"wp:attachment":[{"href":"https:\/\/www.guzeldagtekstil.com.tr\/tr\/wp-json\/wp\/v2\/media?parent=126"}],"wp:term":[{"taxonomy":"category","embeddable":true,"href":"https:\/\/www.guzeldagtekstil.com.tr\/tr\/wp-json\/wp\/v2\/categories?post=126"},{"taxonomy":"post_tag","embeddable":true,"href":"https:\/\/www.guzeldagtekstil.com.tr\/tr\/wp-json\/wp\/v2\/tags?post=126"}],"curies":[{"name":"wp","href":"https:\/\/api.w.org\/{rel}","templated":true}]}}